{"id":2150,"date":"2021-05-03T21:56:28","date_gmt":"2021-05-04T04:56:28","guid":{"rendered":"https:\/\/theliteraryarts.com\/?p=2150"},"modified":"2022-09-05T07:41:27","modified_gmt":"2022-09-05T14:41:27","slug":"happy-birthday-novalis","status":"publish","type":"post","link":"https:\/\/theliteraryarts.com\/de\/happy-birthday-novalis\/","title":{"rendered":"Alles Gute zum Geburtstag, Novalis!  \/ 2021"},"content":{"rendered":"<p>Auf <strong>2. Mai 2021<\/strong> trafen sich die Freunde und Mitglieder der Gruppe \"Section for Literary Arts and Humanities\" in Fair Oaks, um die <strong>249. Geburtstag von Friedrich von Hardenberg, dem Dichter Novalis<\/strong> (2. Mai 1772). Dieser \"New Moon Salon\" fand auf Zoom statt - eine k\u00fcnstlerische Stunde mit Musik, Kunst, Poesie und Novalis. Hier finden Sie eine Zusammenfassung der Veranstaltung, mit Links zu Videos, die zu diesem Anlass gemacht wurden.<\/p>\n<blockquote><p><em>\"Jede Krankheit ist ein musikalisches Problem; jede Heilung ist eine musikalische L\u00f6sung.\"<\/em><br \/>\n<strong><em>- Novalis<\/em><\/strong><\/p><\/blockquote>\n<p><strong>R\u00fcckzug und Erneuerung<\/strong><br \/>\nSeit mehr als einem Jahr trifft sich in der Zeit von Covid-19 die Ortsgruppe der Sektion f\u00fcr Literarische Kunst und Geisteswissenschaften der Freien Hochschule f\u00fcr Geisteswissenschaft w\u00f6chentlich, um Novalis und Autoren, die von Novalis inspiriert wurden, zu studieren.<\/p>\n<p>In unseren w\u00f6chentlichen Sektionstreffen hat Novalis uns in dieser Zeit der Krise und Selbstisolation heilende Energien gebracht, und er hat viele neue Initiativen in unserer Gruppe inspiriert.<\/p>\n<p>Novalis liebte die Musik. Obwohl er keine Musik praktizierte, war er ein Dichter und hatte das, was jeder wahre Dichter braucht: ein Ohr f\u00fcr die Musik und den Rhythmus der Sprache. Zum Einstieg und zur Einstimmung spielte ich ein Pr\u00e4ludium von Bach (BWV 1007) und zeigte auf der Leinwand einige repr\u00e4sentative Ausschnitte aus den Schriften von Novalis.<\/p>\n<p><iframe loading=\"lazy\" title=\"Aphorismen von Novalis\" src=\"https:\/\/player.vimeo.com\/video\/544765660?h=36857db751&amp;dnt=1&amp;app_id=122963\" width=\"1080\" height=\"608\" frameborder=\"0\" allow=\"autoplay; fullscreen; picture-in-picture\" allowfullscreen><\/iframe><\/p>\n<blockquote><p><em>\"Gl\u00fcck im Ungl\u00fcck, Gl\u00fcck im Gl\u00fcck, <\/em><br \/>\n<em>Gutes Gl\u00fcck, schlechtes...<\/em><br \/>\n<em>Jedes zu seinem Gegenteil. <\/em><br \/>\n<em>Die Zeit ist reif!\"<\/em><br \/>\n<strong><em>- Goethe, Das M\u00e4rchen, 1795<\/em><\/strong><\/p><\/blockquote>\n<p><strong>Revolution\u00e4re Salons<\/strong><br \/>\nNovalis und seine Freunde waren nicht pessimistisch - sie waren unversch\u00e4mt optimistisch. Wie wir, trafen sie sich in Salons. Ihre Salons waren kreative Veranstaltungen, in denen alle m\u00f6glichen neuen Ideen geprobt wurden.<br \/>\n\u00c4u\u00dferlich betrachtet waren diese romantischen Salons unbedeutend, verglichen mit dem \u00fcberw\u00e4ltigenden Ausma\u00df der \u00e4u\u00dferen Ereignisse. Esoterisch betrachtet, waren diese Ereignisse jedoch tats\u00e4chlich hoch signifikant. \"Global denken, lokal handeln\", m\u00f6gen Novalis und seine Freunde gesagt haben.<br \/>\nIn diesem n\u00e4chsten kurzen Video sehen Sie Bilder von Novalis, und Sie h\u00f6ren, wie ich aus den Memoiren seines engen Freundes lese <strong>Ludwig Tieck<\/strong>.<\/p>\n<div id=\"attachment_2151\" style=\"width: 215px\" class=\"wp-caption aligncenter\"><img loading=\"lazy\" decoding=\"async\" aria-describedby=\"caption-attachment-2151\" class=\"wp-image-2151 size-full\" src=\"https:\/\/theliteraryarts.com\/wp-content\/uploads\/2021\/05\/image2.jpeg\" alt=\"\" width=\"205\" height=\"269\" srcset=\"https:\/\/theliteraryarts.com\/wp-content\/uploads\/2021\/05\/image2.jpeg 205w, https:\/\/theliteraryarts.com\/wp-content\/uploads\/2021\/05\/image2-9x12.jpeg 9w\" sizes=\"(max-width: 205px) 100vw, 205px\" \/><p id=\"caption-attachment-2151\" class=\"wp-caption-text\"><em>Ludwig Tieck, Freund von Novalis<\/em><\/p><\/div>\n<p><a href=\"https:\/\/theliteraryarts.com\/de\/the-fairies-by-ludwig-tieck-a-new-translation-and-edition-from-sage-cabin-publishers\/\" target=\"_blank\" rel=\"noopener\">\u00dcber Tieck k\u00f6nnen Sie hier lesen<\/a> auf der Website von The Literary Arts - oder sehen Sie sich eine aktuelle \u00dcbersetzung von <em>Die Feen<\/em>, von Ludwig Tieck. <strong>Rudolf Steiner sprach sehr lobend \u00fcber Ludwig Tieck.<\/strong> Tieck machte Novalis mit der Alchemie und Jakob B\u00f6hme bekannt. Tieck beaufsichtigte die posthume Ver\u00f6ffentlichung des unvollst\u00e4ndigen Romans, <em>Henrich von Ofterdingen<\/em>, in dem wir von der ber\u00fchmten Blauen Blume h\u00f6ren. Tieck spielte eine \u00e4u\u00dferst wichtige Rolle dabei, uns an Novalis zu erinnern.<\/p>\n<p><strong>Also, im n\u00e4chsten Video, wenn Sie die Erz\u00e4hlung h\u00f6ren, sind das Worte, die Ludwig Tieck \u00fcber seinen Freund Novalis geschrieben hat.<\/strong><\/p>\n<p><iframe loading=\"lazy\" title=\"Ludwig Tieck erinnert sich an seinen Freund Novalis\" src=\"https:\/\/player.vimeo.com\/video\/544765968?h=29d97bfdef&amp;dnt=1&amp;app_id=122963\" width=\"1080\" height=\"608\" frameborder=\"0\" allow=\"autoplay; fullscreen; picture-in-picture\" allowfullscreen><\/iframe><\/p>\n<blockquote><p><em>\"Heinrich war von Natur aus ein Dichter.\"<\/em><br \/>\n<strong><em>- Novalis, Heinrich von Ofterdingen<\/em><\/strong><\/p><\/blockquote>\n<p><strong>Eine Reise nach Dresden<\/strong><br \/>\nDas n\u00e4chste Video ist eine \u00dcberraschung und ein besonderer Leckerbissen f\u00fcr Novalis-Fans.<\/p>\n<p>Die Bilder im Video sind selten. Sie sind in einem alten Buch - nur auf Deutsch, vergriffen - herausgegeben von einem von Novalis' Verwandten - <strong>Monica von Miltitz<\/strong>.<\/p>\n<p>Monica war eine Anthroposophin und eine Freundin von Rudolf Steiner, Marie Steiner und Albert Steffen. Sie lebte im Schloss <strong>Siebeneichen<\/strong> bei Dresden - ein Schloss der Gro\u00dffamilie Hardenberg - ein Ort, an dem Novalis arbeitete <em>Hymnen an die Nacht<\/em> und <em>Heinrich von Ofterdingen<\/em>. Novalis besuchte dieses Schloss oft.<\/p>\n<p>Das Video enth\u00e4lt viele Bilder vom Schloss Siebeneichen. W\u00e4hrend Sie sich das Video ansehen, k\u00f6nnen Sie sich vorstellen, selbst \u00fcber das Gel\u00e4nde zu gehen. Novalis kannte diesen Ort sehr gut. Er hat ihn inspiriert.<\/p>\n<p><img loading=\"lazy\" decoding=\"async\" class=\"size-full wp-image-2153 aligncenter\" src=\"https:\/\/theliteraryarts.com\/wp-content\/uploads\/2021\/05\/image3a.jpeg\" alt=\"\" width=\"600\" height=\"950\" srcset=\"https:\/\/theliteraryarts.com\/wp-content\/uploads\/2021\/05\/image3a.jpeg 600w, https:\/\/theliteraryarts.com\/wp-content\/uploads\/2021\/05\/image3a-480x760.jpeg 480w\" sizes=\"(min-width: 0px) and (max-width: 480px) 480px, (min-width: 481px) 600px, 100vw\" \/><\/p>\n<p><strong>Auch Marie Steiner und Albert Steffen waren hier zu Besuch.<\/strong> Ihre Freundin Monica war eine engagierte Anthroposophin und eine Freundin der Vereinigten Staaten. Sie hat viel Gutes f\u00fcr Novalis getan. Sie werden ihr Bild kurz am Anfang des Videos sehen. (Es ist gut, einige Familienmitglieder bei der Geburtstagsfeier zu haben.)<\/p>\n<p>In der Mitte des Videos, wo die Musik in die Molltonart wechselt, sehen Sie ein Bild einer Holzschnitzerei von <strong>Johannes und Maria am Fu\u00df des Kreuzes.<\/strong> Johannes tr\u00f6stet Maria. Auch dies ist eine Wortschnitzerei, die im Schloss ausgestellt ist. Novalis h\u00e4tte es gesehen, k\u00f6nnte man folgern - als Kind und als Erwachsener. Die Familie feierte hier typischerweise Weihnachten.<\/p>\n<p><iframe loading=\"lazy\" title=\"Foto-Tour durch Schloss Siebeneichen\" src=\"https:\/\/player.vimeo.com\/video\/544766530?h=c6319018fa&amp;dnt=1&amp;app_id=122963\" width=\"1080\" height=\"608\" frameborder=\"0\" allow=\"autoplay; fullscreen; picture-in-picture\" allowfullscreen><\/iframe><\/p>\n<blockquote><p><em>\"Wohin gehen wir denn?\"<\/em><br \/>\n<em>\"Immer in Richtung Heimat.\"<\/em><br \/>\n<strong><em>- Novalis, Heinrich von Ofterdingen<\/em><\/strong><\/p><\/blockquote>\n<p><strong>Leichtes Streben<\/strong><br \/>\nNun ein Video, in dem wir Verse aus dem letzten Gedicht h\u00f6ren, das Novalis kurz vor seinem Tod schrieb. In diesem Video spiele ich wieder Musik von Bach (BWV 999). Bach lebte vor Novalis, aber Novalis und Bach haben eine \u00e4hnliche Einstellung. Beide waren auf der Suche nach einem neuen Weg, die wesentliche und universell menschliche Qualit\u00e4t der Christus-Erfahrung k\u00fcnstlerisch auszudr\u00fccken.<\/p>\n<p><iframe loading=\"lazy\" title=\"&quot;Alle Menschen sehen ich Leben&quot; von Novalis\" src=\"https:\/\/player.vimeo.com\/video\/409321307?h=968f226751&amp;dnt=1&amp;app_id=122963\" width=\"1080\" height=\"608\" frameborder=\"0\" allow=\"autoplay; fullscreen; picture-in-picture\" allowfullscreen><\/iframe><\/p>\n<blockquote><p><em>\"Was w\u00e4re ich ohne dich?\"<\/em><br \/>\n<strong><em>- Novalis, Lieder des Geistes, Nummer 1<\/em><\/strong><\/p><\/blockquote>\n<p><strong>Eine neue \u00dcbersetzung eines geistlichen Klassikers<\/strong><br \/>\nNovalis ist ber\u00fchmt f\u00fcr seine <strong>Geistliche Lieder<\/strong>. Ich habe k\u00fcrzlich ein Projekt begonnen, diese Lieder f\u00fcr die Freunde in Fair Oaks zu \u00fcbersetzen.<\/p>\n<p>Beim Salon am 2. Mai habe ich meine \u00dcbersetzung des ersten \"Liedes des Geistes\" gelesen. Ich tat dies live auf Zoom. Dann folgte ein Video von Marion, die das Gedicht auf Deutsch las. Ich begleitete Marion, indem ich den Adagio-Satz der Mondscheinsonate transkribiert f\u00fcr klassische Gitarre spielte.<\/p>\n<p><iframe loading=\"lazy\" title=\"&quot;Geistliche Lieder&quot; von Novalis; Lied 1.\" src=\"https:\/\/player.vimeo.com\/video\/544767095?h=fb850603db&amp;dnt=1&amp;app_id=122963\" width=\"1080\" height=\"608\" frameborder=\"0\" allow=\"autoplay; fullscreen; picture-in-picture\" allowfullscreen><\/iframe><\/p>\n<blockquote><p><em>\"Ich muss weg in ein fremdes Land! <\/em><br \/>\n<em>Die alte Frau im Wald <\/em><br \/>\n<em>Hat mir gesagt, was ich tun muss, um gesund zu werden! <\/em><br \/>\n<em>Sie hat das Buch des Fremden ins Feuer geworfen!\"<\/em><br \/>\n<strong><em>- Novalis, aus dem M\u00e4rchen Hyazinthe und Rosenknospe<\/em><\/strong><\/p><\/blockquote>\n<p>Der Abend endete mit einer Vorf\u00fchrung des M\u00e4rchens <em>Hyazinthe und Rosenknospe<\/em>. Wir haben dieses Video letzten Sommer gemacht, als die Covid-19-Krise gerade Fahrt aufnahm. Viel Spa\u00df, falls Sie es noch nicht gesehen haben!<\/p>\n<blockquote class=\"wp-embedded-content\" data-secret=\"gXC4CUnnWT\"><p><a href=\"https:\/\/theliteraryarts.com\/de\/hyacinth-rosebud\/\">Hyazinthe und Rosenknospe<\/a><\/p><\/blockquote>\n<p><iframe loading=\"lazy\" class=\"wp-embedded-content\" sandbox=\"allow-scripts\" security=\"restricted\" style=\"position: absolute; clip: rect(1px, 1px, 1px, 1px);\" title=\"&quot;Hyazinthe &amp; Rosenknospe&quot; - TheLiteraryArts in Fair Oaks\" src=\"https:\/\/theliteraryarts.com\/hyacinth-rosebud\/embed\/#?secret=HP2bv7EcQQ#?secret=gXC4CUnnWT\" data-secret=\"gXC4CUnnWT\" width=\"600\" height=\"338\" frameborder=\"0\" marginwidth=\"0\" marginheight=\"0\" scrolling=\"no\"><\/iframe><\/p>\n<p>&nbsp;<\/p>","protected":false},"excerpt":{"rendered":"<p>On May 2, 2021 the friends and members of the Section for Literary Arts and Humanities group in Fair Oaks met to celebrate the 249th birthday of Friedrich von Hardenberg, the poet Novalis (May 2, 1772). This \u201cNew Moon Salon\u201d occurred on Zoom \u2013 an artistic hour of music, art, poetry, and Novalis. Here is [&hellip;]<\/p>\n","protected":false},"author":2,"featured_media":2156,"comment_status":"closed","ping_status":"closed","sticky":false,"template":"","format":"standard","meta":{"_et_pb_use_builder":"","_et_pb_old_content":"","_et_gb_content_width":"","footnotes":""},"categories":[12,57,54],"tags":[],"class_list":["post-2150","post","type-post","status-publish","format-standard","has-post-thumbnail","hentry","category-meeting-summaries","category-novalis","category-videos"],"_links":{"self":[{"href":"https:\/\/theliteraryarts.com\/de\/wp-json\/wp\/v2\/posts\/2150","targetHints":{"allow":["GET"]}}],"collection":[{"href":"https:\/\/theliteraryarts.com\/de\/wp-json\/wp\/v2\/posts"}],"about":[{"href":"https:\/\/theliteraryarts.com\/de\/wp-json\/wp\/v2\/types\/post"}],"author":[{"embeddable":true,"href":"https:\/\/theliteraryarts.com\/de\/wp-json\/wp\/v2\/users\/2"}],"replies":[{"embeddable":true,"href":"https:\/\/theliteraryarts.com\/de\/wp-json\/wp\/v2\/comments?post=2150"}],"version-history":[{"count":2,"href":"https:\/\/theliteraryarts.com\/de\/wp-json\/wp\/v2\/posts\/2150\/revisions"}],"predecessor-version":[{"id":3747,"href":"https:\/\/theliteraryarts.com\/de\/wp-json\/wp\/v2\/posts\/2150\/revisions\/3747"}],"wp:featuredmedia":[{"embeddable":true,"href":"https:\/\/theliteraryarts.com\/de\/wp-json\/wp\/v2\/media\/2156"}],"wp:attachment":[{"href":"https:\/\/theliteraryarts.com\/de\/wp-json\/wp\/v2\/media?parent=2150"}],"wp:term":[{"taxonomy":"category","embeddable":true,"href":"https:\/\/theliteraryarts.com\/de\/wp-json\/wp\/v2\/categories?post=2150"},{"taxonomy":"post_tag","embeddable":true,"href":"https:\/\/theliteraryarts.com\/de\/wp-json\/wp\/v2\/tags?post=2150"}],"curies":[{"name":"wp","href":"https:\/\/api.w.org\/{rel}","templated":true}]}}