{"id":2157,"date":"2021-05-02T22:50:12","date_gmt":"2021-05-03T05:50:12","guid":{"rendered":"https:\/\/theliteraryarts.com\/?p=2157"},"modified":"2021-05-04T18:09:26","modified_gmt":"2021-05-05T01:09:26","slug":"the-stars-of-the-1790s","status":"publish","type":"post","link":"https:\/\/theliteraryarts.com\/de\/the-stars-of-the-1790s\/","title":{"rendered":"Die Stars der 1790er Jahre"},"content":{"rendered":"<p>Hier finden Sie eine Zusammenfassung des j\u00fcngsten Treffens der Section for Literary Arts &amp; Humanities der lokalen Gruppe in Fair Oaks, CA. Dieses Treffen fand am 1. Mai 2021 via Zoom statt.<\/p>\n<p><strong>\"Auf einen Blick . . .\"<\/strong><\/p>\n<p><strong>Die Stars der 1790er Jahre \/ Brian Gray's Pr\u00e4sentation<\/strong><br \/>\nAm Samstag, den 1. Mai kam Brian Gray zu unserem Treffen, um einen Vortrag zu halten. Eine Aufzeichnung von Brians Pr\u00e4sentation ist auf unserem gemeinsamen Laufwerk verf\u00fcgbar (siehe unten). Brian kam zuvor zu uns, um die Pr\u00e4sentation <a href=\"https:\/\/theliteraryarts.com\/de\/birth-chart-of-novalis\/\" target=\"_blank\" rel=\"noopener\"><strong>Geburtshoroskop von Novalis.<\/strong> <\/a>Wir hoffen, ihn bei zuk\u00fcnftigen Treffen der Sektion wieder dabei zu haben. Vielen Dank, Brian!<\/p>\n<p><strong>Ein Geburtstagssalon f\u00fcr Novalis \/ Ein Neumond-Salon<\/strong><br \/>\nAm Sonntag, den 2. Mai feierten wir den Geburtstag von Friedrich von Hardenberg, dem Dichter Novalis (2. Mai 1772) mit einem k\u00fcnstlerischen Abend mit Musik, Poesie, Kunst und Gemeinschaft.<\/p>\n<p><strong>Unser n\u00e4chster Gast<\/strong><br \/>\nUnser n\u00e4chster Tagungsgast ist Fred Dennehy. Fred ist im Kalender f\u00fcr den 5. Juni eingetragen. Achten Sie an dieser Stelle auf Details.<\/p>\n<p><strong>Neues von Christiane Haid und dem Goetheanum<\/strong><br \/>\nDiesen Link habe ich k\u00fcrzlich von Dr. Haid erhalten. Wie Sie sehen werden, ist da ganz sch\u00f6n was los!<strong> <a href=\"https:\/\/goetheanum.co\/en\/newsletters\/special-issue-life-and-society-in-transition\" target=\"_blank\" rel=\"noopener\">Klicken Sie auf diesen Satz, um den Newsletter zu lesen<\/a><\/strong>; es folgt die Themendiskussion: \"Leben und Gesellschaft im Umbruch\". Wie sagte man damals in den 1790er Jahren, als alles begann: Die Zeit ist reif!<\/p>\n<p><strong>Kunstwerk oben:<\/strong> \"Der amerikanische Fluss\" Foto von Bruce Donehower<\/p>\n<p><strong>\"Erz\u00e4hlen Sie mir mehr . . .\"<\/strong><\/p>\n<p><strong>Ein Bild ist mehr wert...<\/strong><br \/>\nNun, Sie kennen das alte Sprichwort. Im Einklang mit solchen weisen taoistischen Ratschl\u00e4gen finden Sie hier Links zu verschiedenen Videos von den letzten Treffen.<\/p>\n<p><strong><a href=\"https:\/\/1drv.ms\/u\/s!Ak8vVgGvtSV_gRIENAA5Bvw9mDVu?e=H7gKbi\" target=\"_blank\" rel=\"noopener\">Klicken Sie hier, um die Pr\u00e4sentation von Brian Gray zu sehen<\/a> <\/strong>\/ Die Stars der 1790er Jahre.<\/p>\n<p><strong><a href=\"https:\/\/theliteraryarts.com\/de\/happy-birthday-novalis\/\" target=\"_blank\" rel=\"noopener\">Klicken Sie hier, um den New Moon Salon zu genie\u00dfen<\/a> <\/strong>\/ \"Novalis Geburtstagsfeier\" 2. Mai 2021.<\/p>\n<div id=\"attachment_2158\" style=\"width: 523px\" class=\"wp-caption aligncenter\"><img loading=\"lazy\" decoding=\"async\" aria-describedby=\"caption-attachment-2158\" class=\"wp-image-2158 size-full\" src=\"https:\/\/theliteraryarts.com\/wp-content\/uploads\/2021\/05\/IMG_7659.jpeg\" alt=\"\" width=\"513\" height=\"480\" srcset=\"https:\/\/theliteraryarts.com\/wp-content\/uploads\/2021\/05\/IMG_7659.jpeg 513w, https:\/\/theliteraryarts.com\/wp-content\/uploads\/2021\/05\/IMG_7659-480x449.jpeg 480w\" sizes=\"(min-width: 0px) and (max-width: 480px) 480px, (min-width: 481px) 513px, 100vw\" \/><p id=\"caption-attachment-2158\" class=\"wp-caption-text\"><em>\"Prozession zur Br\u00fccke\" Foto von Bruce Donehower<\/em><\/p><\/div>\n<blockquote><p><strong>Kein Sektionstreffen am 8. Mai<\/strong><br \/>\n<em>Ein kleiner Vogel flog vorbei und sagte:<\/em><br \/>\n<em>\"Kein Treffen am 8. Mai.\"<\/em><br \/>\n<em>\"Warum nicht!\" rief die Hummel aus.<\/em><br \/>\n<em>\"Wir hatten zwei Treffen an Beltane!\"<\/em><\/p><\/blockquote>\n<p><strong>Beltane? Was sagen?<\/strong><br \/>\nYup! Das w\u00e4re der 1. und 2. Mai. Also: <strong>Kein Sektionstreffen am 8. Mai. Unser n\u00e4chstes Treffen ist am 15. Mai.<\/strong> Am 15. Mai setzen wir unsere Maifeierlichkeiten mit einer gro\u00dfen \u00dcberraschung fort! (Pst! Nicht den V\u00f6geln und Bienen verraten!)<\/p>\n<p>Wie \u00fcblich werde ich die Zoom-Zugangsdaten am Freitag davor an Neugierige verschicken.<\/p>\n<blockquote><p><em>\"Die Blumen sind voll von Honig, aber nur die Biene findet die S\u00fc\u00dfe heraus.\"<\/em><br \/>\n<strong><em>- Johann Wolfgang von Goethe<\/em><\/strong><\/p><\/blockquote>\n<div id=\"attachment_2160\" style=\"width: 650px\" class=\"wp-caption aligncenter\"><img loading=\"lazy\" decoding=\"async\" aria-describedby=\"caption-attachment-2160\" class=\"wp-image-2160 size-full\" src=\"https:\/\/theliteraryarts.com\/wp-content\/uploads\/2021\/05\/IMG_6857.jpeg\" alt=\"\" width=\"640\" height=\"480\" srcset=\"https:\/\/theliteraryarts.com\/wp-content\/uploads\/2021\/05\/IMG_6857.jpeg 640w, https:\/\/theliteraryarts.com\/wp-content\/uploads\/2021\/05\/IMG_6857-480x360.jpeg 480w\" sizes=\"(min-width: 0px) and (max-width: 480px) 480px, (min-width: 481px) 640px, 100vw\" \/><p id=\"caption-attachment-2160\" class=\"wp-caption-text\"><em>\"Auf diesem Land\" Foto von Bruce Donehower<\/em><\/p><\/div>\n<blockquote><p><em>\"Inmitten des furchtbaren Reichs der Gewalt und inmitten des g\u00f6ttlichen Reichs des Gesetzes konstruiert der \u00e4sthetische Formtrieb unbemerkt ein drittes, gl\u00fcckliches Reich des Spiels und des Scheins, in dem dem Menschen die Fesseln aller Umst\u00e4nde abgenommen werden und er von allem befreit wird, was man entweder moralischen oder physischen Zwang nennen k\u00f6nnte.\"<\/em><br \/>\n<strong><em>- Friedrich Schiller, Briefe \u00fcber die \u00e4sthetische Erziehung des Menschen<\/em><\/strong><\/p><\/blockquote>\n<p>&nbsp;<\/p>\n<p>&nbsp;<\/p>\n<p>&nbsp;<\/p>","protected":false},"excerpt":{"rendered":"<p>Here is a summary of the recent Section for Literary Arts &amp; Humanities meeting of the local group in Fair Oaks, CA. This meeting occurred on May 1, 2021 via Zoom. &#8220;At a Glance . . .\u201d The Stars of the 1790s \/ Brian Gray&#8217;s Presentation On Saturday, May 1 Brian Gray joined our meeting [&hellip;]<\/p>\n","protected":false},"author":2,"featured_media":2162,"comment_status":"closed","ping_status":"closed","sticky":false,"template":"","format":"standard","meta":{"_et_pb_use_builder":"","_et_pb_old_content":"","_et_gb_content_width":"","footnotes":""},"categories":[12],"tags":[],"class_list":["post-2157","post","type-post","status-publish","format-standard","has-post-thumbnail","hentry","category-meeting-summaries"],"_links":{"self":[{"href":"https:\/\/theliteraryarts.com\/de\/wp-json\/wp\/v2\/posts\/2157","targetHints":{"allow":["GET"]}}],"collection":[{"href":"https:\/\/theliteraryarts.com\/de\/wp-json\/wp\/v2\/posts"}],"about":[{"href":"https:\/\/theliteraryarts.com\/de\/wp-json\/wp\/v2\/types\/post"}],"author":[{"embeddable":true,"href":"https:\/\/theliteraryarts.com\/de\/wp-json\/wp\/v2\/users\/2"}],"replies":[{"embeddable":true,"href":"https:\/\/theliteraryarts.com\/de\/wp-json\/wp\/v2\/comments?post=2157"}],"version-history":[{"count":0,"href":"https:\/\/theliteraryarts.com\/de\/wp-json\/wp\/v2\/posts\/2157\/revisions"}],"wp:featuredmedia":[{"embeddable":true,"href":"https:\/\/theliteraryarts.com\/de\/wp-json\/wp\/v2\/media\/2162"}],"wp:attachment":[{"href":"https:\/\/theliteraryarts.com\/de\/wp-json\/wp\/v2\/media?parent=2157"}],"wp:term":[{"taxonomy":"category","embeddable":true,"href":"https:\/\/theliteraryarts.com\/de\/wp-json\/wp\/v2\/categories?post=2157"},{"taxonomy":"post_tag","embeddable":true,"href":"https:\/\/theliteraryarts.com\/de\/wp-json\/wp\/v2\/tags?post=2157"}],"curies":[{"name":"wp","href":"https:\/\/api.w.org\/{rel}","templated":true}]}}