{"id":3626,"date":"2022-04-22T23:24:09","date_gmt":"2022-04-23T06:24:09","guid":{"rendered":"https:\/\/theliteraryarts.com\/?p=3626"},"modified":"2026-02-03T17:34:53","modified_gmt":"2026-02-04T01:34:53","slug":"steps-toward-a-poetry-of-knowing","status":"publish","type":"post","link":"https:\/\/theliteraryarts.com\/de\/steps-toward-a-poetry-of-knowing\/","title":{"rendered":"Schritte auf dem Weg zu einer Poesie des Wissens \/ Erster Teil"},"content":{"rendered":"<p><span style=\"font-size: 14pt;\"><strong>Mont Ventoux?<\/strong><\/span><\/p>\n<p style=\"padding-left: 40px;\">Bei unserem Treffen am 16. April wanderten wir noch ein St\u00fcck weiter den Berg hinauf. <strong><em>Kunst und Theorie der Kunst: Grundlagen einer neuen \u00c4sthetik<\/em><\/strong>Vortr\u00e4ge von Rudolf Steiner, ver\u00f6ffentlicht von <strong><a href=\"https:\/\/steinerbooks.presswarehouse.com\/browse\/book\/9781621481898\/Art-and-Theory-of-Art\" target=\"_blank\" rel=\"noopener\">SteinerBooks<\/a><\/strong>. Wir \u00fcberpr\u00fcften und diskutierten das Inhaltsverzeichnis und frischten unsere Erinnerungen an fr\u00fchere Sitzungen auf, in denen wir verwandte Themen er\u00f6rtert hatten: zum Beispiel die Sektionstagung zum Thema <strong><a href=\"https:\/\/theliteraryarts.com\/de\/the-enigma-of-beauty\/\" target=\"_blank\" rel=\"noopener\">M\u00e4rz 15, 2021<\/a><\/strong> und weiter <strong><a href=\"https:\/\/theliteraryarts.com\/de\/language-and-romantic-irony\/\" target=\"_blank\" rel=\"noopener\">September 26, 2020<\/a><\/strong>. In dieser Sitzung am 16. April legten wir erneut einen Schwerpunkt auf <strong><a href=\"https:\/\/theliteraryarts.com\/de\/rudolf-steiners-first-address\/\" target=\"_blank\" rel=\"noopener\">Rudolf Steiners erste Ansprache.<\/a><\/strong><\/p>\n<p>&nbsp;<\/p>\n<p><strong><span style=\"font-size: 14pt;\">Ein Blick vom Gipfel<\/span> <\/strong><\/p>\n<p style=\"padding-left: 40px;\"><strong>30. April<\/strong>: <strong>Arie van Amerigen<\/strong> wird mit uns \u00fcber sein Buch <strong><a href=\"https:\/\/theliteraryarts.com\/de\/the-foundation-stone-meditation\/\" target=\"_blank\" rel=\"noopener\">Die Grundsteinmeditation und die Herausforderungen unserer Zeit<\/a><\/strong>ein Buch mit Essays, das Arie zusammen mit Christiane Haid herausgegeben hat. <strong><a href=\"https:\/\/www.paperpipit.com\/the-foundation-stone-meditation-and-the-challenges.html\" target=\"_blank\" rel=\"noopener\">Klicken Sie auf diesen Satz, um das Buch online direkt aus Kanada zu kaufen.<\/a><\/strong><\/p>\n<p style=\"padding-left: 40px;\"><strong>7. Mai und fortlaufend<\/strong>: <strong>Wir werden feiern <a href=\"https:\/\/theliteraryarts.com\/de\/happy-birthday-novalis\/\">der 250. Geburtstag von Novalis<\/a><\/strong> (Friedrich von Hardenberg, geboren am 2. Mai 1772). Ich gehe davon aus, dass diese Feierlichkeiten den ganzen Monat Mai \u00fcber andauern werden und m\u00f6glicherweise bis zum Johannistag oder sogar noch l\u00e4nger. Der Johannistag ist ein sehr wichtiger Tag in diesem Roman <strong><a href=\"https:\/\/theliteraryarts.com\/de\/heinrich-von-ofterdingen\/\" target=\"_blank\" rel=\"noopener\">Heinrich von Ofterdingen.<\/a><\/strong><\/p>\n<p style=\"padding-left: 40px;\"><strong>Mai 14<\/strong>: <strong>Clifford Venho<\/strong> wird uns eine besondere Pr\u00e4sentation geben. Cliff war bereits zweimal bei uns, um \u00fcber <strong><a href=\"https:\/\/theliteraryarts.com\/de\/a-night-with-novalis\/\" target=\"_blank\" rel=\"noopener\">Hymnen an die Nacht<\/a><\/strong> und den Dichter zu pr\u00e4sentieren <strong><a href=\"https:\/\/theliteraryarts.com\/de\/christian-morgenstern-an-introduction\/\" target=\"_blank\" rel=\"noopener\">Christian Morgenstern.<\/a><\/strong><\/p>\n<p style=\"padding-left: 40px;\"><strong>Juni, Datum TBD<\/strong>: <strong>Jennifer Greene<\/strong> zu einem Gespr\u00e4ch und einer Pr\u00e4sentation einladen.<\/p>\n<p>&nbsp;<\/p>\n<p><span style=\"font-size: 14pt;\"><strong>Ein Blick aus dem Tal<\/strong><\/span><\/p>\n<p style=\"padding-left: 40px;\">Die M\u00e4rchengruppe hat sich getroffen und wird bald \u00fcber den Stand ihrer Arbeit berichten. Die Besetzung f\u00fcr den Film hat begonnen, sich zusammenzusetzen.<\/p>\n<div id=\"attachment_3633\" style=\"width: 650px\" class=\"wp-caption aligncenter\"><img loading=\"lazy\" decoding=\"async\" aria-describedby=\"caption-attachment-3633\" class=\"wp-image-3633 size-full\" src=\"https:\/\/theliteraryarts.com\/wp-content\/uploads\/2022\/04\/DSC00396.jpeg\" alt=\"\" width=\"640\" height=\"427\" srcset=\"https:\/\/theliteraryarts.com\/wp-content\/uploads\/2022\/04\/DSC00396.jpeg 640w, https:\/\/theliteraryarts.com\/wp-content\/uploads\/2022\/04\/DSC00396-480x320.jpeg 480w\" sizes=\"(min-width: 0px) and (max-width: 480px) 480px, (min-width: 481px) 640px, 100vw\" \/><p id=\"caption-attachment-3633\" class=\"wp-caption-text\"><strong>\"Sechs Puppen auf der Suche nach einem Autor... \"\u00a0<\/strong><\/p><\/div>\n<p>&nbsp;<\/p>\n<p><strong><span style=\"font-size: 14pt;\">Warum der Mont Ventoux?<\/span><\/strong><\/p>\n<p style=\"padding-left: 40px;\">Viele Leser, Kritiker und Wissenschaftler, Tiefenpsychologen und Dichter wie <strong><a href=\"https:\/\/theliteraryarts.com\/de\/hearing-rilke-an-essay\/\" target=\"_blank\" rel=\"noopener\">Rainer Maria Rilke<\/a><\/strong> haben festgestellt, dass die sogenannte Besteigung des Mont Ventoux durch <strong>Petrarca<\/strong> markiert einen dramatischen Wandel in der literarischen Weltanschauung und im Bewusstsein der Europ\u00e4er. Diese \"Feier des Berges\" von Petrarca fand an einem <strong>26. April<\/strong> hei\u00dft es in dem ber\u00fchmten Brief, den Petrarca zur Feier des Ereignisses schrieb.<\/p>\n<p style=\"padding-left: 40px;\"><strong><a href=\"https:\/\/theliteraryarts.com\/de\/ascent-of-mont-ventoux-by-petrarch\/\" target=\"_blank\" rel=\"noopener\">Sie k\u00f6nnen den Brief von Petrarca lesen, indem Sie auf diesen Satz klicken<\/a><\/strong>.<\/p>\n<p style=\"padding-left: 40px;\"><strong>Dieser Brief von Petrarca<\/strong> verdient unsere Aufmerksamkeit, vor allem, da wir weiterhin \u00fcber die <em><strong>Kunst und Kunsttheorie<\/strong><\/em> und <strong>Poesie und Theorie der Poesie<\/strong>. Petrarca, so haben viele argumentiert, ist ein Gr\u00fcndungsdichter dessen, was wir heute die s\u00e4kulare humanistische Literaturtradition nennen. Petrarca, der Verfasser von Sonetten und Verfechter der Laura, sp\u00fcrt einen Wandel des Zeitgeistes w\u00e4hrend der als Renaissance bekannten Epoche. Die einzigartige Erfahrung des Einzelnen in einer zunehmend s\u00e4kularen humanistischen Welt beginnt in der europ\u00e4ischen Literatur Vorrang zu haben. Wir haben dieses Zeichen der Zeit bereits in Sitzungen er\u00f6rtert, in denen wir begannen, uns mit folgenden Themen zu besch\u00e4ftigen <strong><a href=\"https:\/\/theliteraryarts.com\/de\/spirit-remembering\/\" target=\"_blank\" rel=\"noopener\">Modernismus<\/a><\/strong> und die Art und Weise, wie die Moderne die Renaissance f\u00fcr literaturkritische, politische und soziale Zwecke definierte und neu bewertete.<\/p>\n<p>&nbsp;<\/p>\n<div id=\"attachment_3638\" style=\"width: 606px\" class=\"wp-caption aligncenter\"><img loading=\"lazy\" decoding=\"async\" aria-describedby=\"caption-attachment-3638\" class=\"wp-image-3638 size-full\" src=\"https:\/\/theliteraryarts.com\/wp-content\/uploads\/2022\/04\/Richard_Wilson_-_View_of_Snowdon_from_Llyn_Nantlle_-_WGA25772.jpeg\" alt=\"\" width=\"596\" height=\"480\" srcset=\"https:\/\/theliteraryarts.com\/wp-content\/uploads\/2022\/04\/Richard_Wilson_-_View_of_Snowdon_from_Llyn_Nantlle_-_WGA25772.jpeg 596w, https:\/\/theliteraryarts.com\/wp-content\/uploads\/2022\/04\/Richard_Wilson_-_View_of_Snowdon_from_Llyn_Nantlle_-_WGA25772-480x387.jpeg 480w\" sizes=\"(min-width: 0px) and (max-width: 480px) 480px, (min-width: 481px) 596px, 100vw\" \/><p id=\"caption-attachment-3638\" class=\"wp-caption-text\"><strong>\"Blick auf Snowdon vom Llyn Nantlle\" von Robert Wilson (1766)<\/strong><\/p><\/div>\n<p>&nbsp;<\/p>\n<p><strong><span style=\"font-size: 14pt;\">(Vergessen Sie nicht den Geburtstag von Shakespeare: 23. April)<\/span><\/strong><\/p>\n<p style=\"padding-left: 40px;\">In unseren fr\u00fcheren Sektionssitzungen, in denen wir uns kontinuierlich mit der britischen Romantik befasst haben, haben wir uns mit Wordsworth besch\u00e4ftigt und festgestellt, dass <strong>Wordsworth<\/strong> machte den \"Geist des Menschen\" zum Thema seiner Poesie und seines langen epischen Gedichts Das Vorspiel oder die Entwicklung des Geistes eines Dichters.<\/p>\n<blockquote>\n<p style=\"padding-left: 40px;\"><em><strong>\". . der Geist des Menschen wird<\/strong><\/em><br \/>\n<em><strong>Tausendmal sch\u00f6ner als die Erde<\/strong><\/em><br \/>\n<em><strong>Auf dem er verweilt... \"<\/strong><\/em><\/p>\n<p>&nbsp;<\/p>\n<p style=\"padding-left: 40px;\">\n<em><strong>Wordsworth, Das Pr\u00e4ludium, 1805<\/strong><\/em><\/p>\n<\/blockquote>\n<p style=\"padding-left: 40px;\">In The Prelude beschreibt Wordsworth die Besteigung des Mt. Snowdon und die Alpen\u00fcberquerung am Simplonpass. Die Inspiration durch den Geist der Zeit, die Wordsworth in diesen Passagen und in vielen anderen Gedichten, wie dem allgemein als \"Tintern Abbey\" bezeichneten, zelebriert - dieses <strong>die Poesie der \"Bewusstseinsseele\".<\/strong> wie Rudolf Steiner es formulierte - findet seine Quelle bei Petrarca. Petrarca's Beziehung zum Mont Ventoux, von diesem kritischen Standpunkt aus betrachtet, zeigt eine grundlegende Ver\u00e4nderung in der poetischen Praxis und in der Weltanschauung; es ist der Beginn eines Wechsels von einem \u00e4lteren Seelenbewusstsein zu dem Bewusstsein unserer Gegenwart. Wir haben diesen Wandel in einigen unserer Treffen er\u00f6rtert, zum Beispiel in der <strong><a href=\"https:\/\/theliteraryarts.com\/de\/owen-barfield\/\" target=\"_blank\" rel=\"noopener\">Treffen, die Owen Barfield gewidmet sind<\/a><\/strong>. K\u00f6nnten wir Petrarca's Reise auf den Berg nennen: <strong>\"Schritte zu einer Poesie des Wissens\"<\/strong>?<\/p>\n<div id=\"attachment_3619\" style=\"width: 910px\" class=\"wp-caption aligncenter\"><img loading=\"lazy\" decoding=\"async\" aria-describedby=\"caption-attachment-3619\" class=\"wp-image-3619 size-full\" src=\"https:\/\/theliteraryarts.com\/wp-content\/uploads\/2022\/04\/IMG_0641.jpeg\" alt=\"\" width=\"900\" height=\"1240\" srcset=\"https:\/\/theliteraryarts.com\/wp-content\/uploads\/2022\/04\/IMG_0641.jpeg 900w, https:\/\/theliteraryarts.com\/wp-content\/uploads\/2022\/04\/IMG_0641-480x661.jpeg 480w\" sizes=\"(min-width: 0px) and (max-width: 480px) 480px, (min-width: 481px) 900px, 100vw\" \/><p id=\"caption-attachment-3619\" class=\"wp-caption-text\"><strong>Petrarca als singender Baum<\/strong><\/p><\/div>\n<p>&nbsp;<\/p>\n<p><strong><span style=\"font-size: 14pt;\">\"Wer sind diese Dichter? Was zum Teufel machen sie? Wozu brauchen wir sie \u00fcberhaupt?\"<\/span><\/strong><\/p>\n<p style=\"padding-left: 40px;\">Nat\u00fcrlich lassen sich auch bei anderen bedeutenden Dichtern und K\u00fcnstlern Beispiele f\u00fcr diesen Wandel in der europ\u00e4ischen Weltanschauung finden, aber der Einfachheit halber ist es erhellend, den Beginn dieses Wandels von <strong>Petrarca<\/strong>dann weiter zu Shakespeare und Cervantes und Montaigne, und dann zu den romantischen Briten wie Wordsworth - aber nat\u00fcrlich nicht ohne die Deutschen zu vernachl\u00e4ssigen, wie die, die wir so genau untersucht haben: die Fr\u00fchromantiker der <strong>Jenaer Kreis<\/strong> (Novalis, Schlegel, Tieck und andere) und Goethe ... und nicht zu vergessen die anderen Weltliteraten des Zeitalters!<\/p>\n<p style=\"padding-left: 40px;\">Ich erw\u00e4hne dies in einer Sitzungszusammenfassung, weil sich unsere Sektionssitzungen, wie bereits erw\u00e4hnt, wieder mit dem Thema Poesie befassen: \"Wer sind diese Dichter, was machen sie eigentlich?\" Zum Beispiel haben wir diese Frage im Zusammenhang mit dem Roman <em><strong>Heinrich von Ofterdingen<\/strong><\/em>. Als Praktiker der Literatur und als Geisteswissenschaftler, die sich aktiv f\u00fcr die Sektion f\u00fcr Literatur und Geisteswissenschaften interessieren, ist es hilfreich, dar\u00fcber nachzudenken, was wir tun und was wir f\u00fcr ein literarisch-humanistisches Verst\u00e4ndnis des Menschseins in der Gegenwart von einzigartigem Wert sind, k\u00f6nnte man sagen.<\/p>\n<p style=\"padding-left: 40px;\"><strong>Albert Steffen<\/strong> betitelte eines seiner B\u00fccher <em>Die Wiedergeburt der sch\u00f6nen Wissenschaften<\/em>. Wenn wir weiter den Weg hinunter oder den Berg hinauf oder in die weite Ferne von Kunst und Kunsttheorie gehen, kann es hilfreich sein, sich diesen Titel von Steffens kleinem Buch vor Augen zu halten.<\/p>\n<div id=\"attachment_3615\" style=\"width: 910px\" class=\"wp-caption alignnone\"><img loading=\"lazy\" decoding=\"async\" aria-describedby=\"caption-attachment-3615\" class=\"size-full wp-image-3615\" src=\"https:\/\/theliteraryarts.com\/wp-content\/uploads\/2022\/04\/Fra_angelico_-_conversion_de_saint_augustin.jpg\" alt=\"\" width=\"900\" height=\"562\" srcset=\"https:\/\/theliteraryarts.com\/wp-content\/uploads\/2022\/04\/Fra_angelico_-_conversion_de_saint_augustin.jpg 900w, https:\/\/theliteraryarts.com\/wp-content\/uploads\/2022\/04\/Fra_angelico_-_conversion_de_saint_augustin-480x300.jpg 480w\" sizes=\"(min-width: 0px) and (max-width: 480px) 480px, (min-width: 481px) 900px, 100vw\" \/><p id=\"caption-attachment-3615\" class=\"wp-caption-text\"><strong>Bekehrung des Augustinus<\/strong><\/p><\/div>\n<p>&nbsp;<\/p>\n<p><strong><span style=\"font-size: 14pt;\">Ein \"H\u00fcgel\" unter jedem anderen Namen ...<\/span> <\/strong><\/p>\n<p style=\"padding-left: 40px;\">Eine bemerkenswerte Stimme in Petrarca's Brief, der seine Besteigung des Mont Ventoux beschreibt, ist die ehrw\u00fcrdige Stimme des Heiligen Augustinus von Hippo. Petrarca verwendet die bekannte Troph\u00e4e des \"Pilgerwegs\" als beschreibenden Kontext f\u00fcr seine Wanderung auf den Berg Ventoux. Aber man kann bereits erahnen, wie sich Petrarca's Sicht auf die Natur gegen\u00fcber dem fr\u00fcheren Kontext ver\u00e4ndert hatte. Wenn wir diese Ver\u00e4nderung wahrnehmen, ist es fast so, als w\u00fcrden wir den Beginn der Perspektive nach den flachen Oberfl\u00e4chenbildern des Mittelalters miterleben. Die christlichen Tropen und die Rhetorik des Augustinus beginnen sich in etwas Fremdes und Neues zu verwandeln, das manche als \"unheimlich\" bezeichnen k\u00f6nnten. Ein hilfreicher Vergleich: Legen Sie die Bekenntnisse des Augustinus nebeneinander <strong>Augustinus<\/strong> mit den Bekenntnissen von <strong>Rousseau<\/strong> - oder vergleichen Sie beide Texte mit dem kleinen, aber sehr wichtigen Buch von Stephen Batchelor, <strong><em>Bekenntnis eines buddhistischen Atheisten<\/em><\/strong>. Oder stellen Sie Petrarca's Beschreibung seiner Besteigung des Mont Ventoux und Jack Kerouac's Wanderung mit Gary Snyder an den H\u00e4ngen des Mount Tamalpais, wie sie im Roman beschrieben wird, nebeneinander <strong><em>Die Dharma-Penner<\/em><\/strong> und k\u00fcrzlich in einem Video der Sektion Allerseelen 2021 gefeiert: <strong><a href=\"https:\/\/theliteraryarts.com\/de\/celebrating-the-mountain-all-souls-week-2021-poets-in-landscapes\/\" target=\"_blank\" rel=\"noopener\">Der Berg wird gefeiert.<\/a><\/strong><\/p>\n<p>&nbsp;<\/p>\n<blockquote>\n<p style=\"padding-left: 40px;\"><em><strong>\"Es ist absurd zu verlangen, dass wir die Dinge in h\u00f6heren Bereichen auf dieselbe logische, pedantische und philistr\u00f6se Art und Weise beweisen, wie wir es in den Naturwissenschaften oder der Mathematik tun\".<\/strong><\/em><\/p>\n<p>&nbsp;<\/p>\n<p style=\"padding-left: 40px;\">\n<em><strong>- Rudolf Steiner, aus \"Der \u00fcbersinnliche Ursprung der Kunst\", in Kunst und Kunsttheorie<\/strong><\/em><\/p>\n<\/blockquote>\n<p>&nbsp;<\/p>\n<p><span style=\"font-size: 14pt;\"><strong>\"Geistiges Erinnern \u00fcben\"<\/strong><\/span><\/p>\n<p style=\"padding-left: 40px;\">In unserer gestrigen Diskussion \u00fcber den \u00dcberblick \u00fcber die <em>Kunst und Kunsttheorie<\/em>haben wir festgestellt, dass Rudolf Steiner von Hellsehen und Hellf\u00fchlen spricht. <strong>\u00dcbersinnliche Erfahrung in Bezug auf die Aus\u00fcbung und Wertsch\u00e4tzung von Kunst<\/strong>. Bei unserem internationalen Sektionstreffen f\u00fcr die USA und Kanada im September 2021 sprachen wir \u00fcber Literatur und die Praxis der Literatur als Mittel zur Erweckung von Kr\u00e4ften des geistigen Erinnerns. Wir bemerkten, wie Owen Barfield auf das Menschsein als Zeitwesen hinwies - in diesem Fall sind die hellsichtigen Kr\u00e4fte, die die Praxis der Literatur f\u00f6rdern kann, Erinnerungskr\u00e4fte, die wir als Geist-Individuen ben\u00f6tigen, da jeder von uns eine sich in der Zeit entfaltende Symphonie ist. Weckt die Praxis und das Studium der Literatur, und damit auch der Kunst und der Kunsttheorie, in uns die Erinnerung an unsere Identit\u00e4t als Zeitgeister? Wir diskutierten diese Frage in einer Sitzung am <strong><a href=\"https:\/\/theliteraryarts.com\/de\/james-joyce-modernism-the-unborn\/\" target=\"_blank\" rel=\"noopener\">21. Juni 2021.<\/a><\/strong><\/p>\n<p>&nbsp;<\/p>\n<blockquote>\n<p style=\"padding-left: 40px;\"><em><strong>\"Wir werden manchmal gebeten, in wenigen Worten zu sagen, was Anthroposophie ist. Das ist nat\u00fcrlich unm\u00f6glich. Aber lassen Sie uns in diesem Zusammenhang sagen, dass der Kern der Anthroposophie das Konzept des Selbstbewusstseins des Menschen als Prozess in der Zeit ist - mit allem, was dies impliziert.\"<\/strong><\/em><\/p>\n<p>&nbsp;<\/p>\n<p style=\"padding-left: 40px;\">\n<em><strong>- Owen Barfield, \"The Time-Philosophy of Rudolf Steiner\" in Romanticism Comes of Age; <a href=\"https:\/\/theliteraryarts.com\/de\/owen-barfield-a-video-presentation-by-fred-dennehy-ph-d\/\" target=\"_blank\" rel=\"noopener\">Sitzung am 14. Juni 2021<\/a><\/strong><\/em><\/p>\n<\/blockquote>\n<p>&nbsp;<\/p>\n<blockquote>\n<p style=\"padding-left: 40px;\"><strong>\"Es ist wirklich sehr bedauerlich\", so Klingsohr, \"dass die Poesie ein hohes Ansehen genie\u00dft und dass Dichter als besondere Typen abgesondert werden. Dabei ist sie gar nicht so geheimnisvoll. Poesie ist eine nat\u00fcrliche Funktion des menschlichen Geistes. Strebt und dichtet nicht jeder Mensch in jedem Augenblick?<\/strong><\/p>\n<p>&nbsp;<\/p>\n<p style=\"padding-left: 40px;\">\n<em><strong>- Novalis, Heinrich von Ofterdingen, \u00dcbers. Bruce Donehower<\/strong><\/em><\/p>\n<\/blockquote>\n<p>&nbsp;<\/p>\n<h4 style=\"text-align: center;\"><strong>Sehen Sie sich die Videovorlesung an: <\/strong><\/h4>\n<h4 style=\"text-align: center;\"><strong>\"Schritte auf dem Weg zu einer Poesie des Wissens, Teil zwei;<\/strong><\/h4>\n<h4 style=\"text-align: center;\"><strong>\"Rudolf Steiners erste Ansprache\"<\/strong><\/h4>\n<p><iframe loading=\"lazy\" title=\"&quot;Rudolf Steiners erste Ansprache&quot;\" src=\"https:\/\/player.vimeo.com\/video\/892967973?dnt=1&amp;app_id=122963\" width=\"1080\" height=\"608\" frameborder=\"0\" allow=\"autoplay; fullscreen; picture-in-picture\"><\/iframe><\/p>\n<p>&nbsp;<\/p>\n<p>&nbsp;<\/p>\n<h4 style=\"text-align: center;\"><strong>Und die dazugeh\u00f6rige Videovorlesung:<\/strong><\/h4>\n<h4 style=\"text-align: center;\"><strong>\"Der dunkle Wald: Auf der Suche nach der Ars Poetica\"<\/strong><\/h4>\n<p><iframe loading=\"lazy\" title=\"Der dunkle Wald\" src=\"https:\/\/player.vimeo.com\/video\/871889063?dnt=1&amp;app_id=122963\" width=\"1080\" height=\"608\" frameborder=\"0\" allow=\"autoplay; fullscreen; picture-in-picture\"><\/iframe><\/p>\n<p>4.22.22<\/p>","protected":false},"excerpt":{"rendered":"<p>Mont Ventoux? At our meeting on April 16 we walked a bit farther up the mountain called Art and Theory of Art: Foundations of a New Aesthetic, lectures by Rudolf Steiner published by SteinerBooks. We surveyed and discussed the Table of Contents and refreshed our memories regarding previous meetings in which we discussed related themes [&hellip;]<\/p>\n","protected":false},"author":1,"featured_media":3627,"comment_status":"closed","ping_status":"closed","sticky":false,"template":"","format":"standard","meta":{"_et_pb_use_builder":"","_et_pb_old_content":"","_et_gb_content_width":"","footnotes":""},"categories":[12],"tags":[],"class_list":["post-3626","post","type-post","status-publish","format-standard","has-post-thumbnail","hentry","category-meeting-summaries"],"_links":{"self":[{"href":"https:\/\/theliteraryarts.com\/de\/wp-json\/wp\/v2\/posts\/3626","targetHints":{"allow":["GET"]}}],"collection":[{"href":"https:\/\/theliteraryarts.com\/de\/wp-json\/wp\/v2\/posts"}],"about":[{"href":"https:\/\/theliteraryarts.com\/de\/wp-json\/wp\/v2\/types\/post"}],"author":[{"embeddable":true,"href":"https:\/\/theliteraryarts.com\/de\/wp-json\/wp\/v2\/users\/1"}],"replies":[{"embeddable":true,"href":"https:\/\/theliteraryarts.com\/de\/wp-json\/wp\/v2\/comments?post=3626"}],"version-history":[{"count":5,"href":"https:\/\/theliteraryarts.com\/de\/wp-json\/wp\/v2\/posts\/3626\/revisions"}],"predecessor-version":[{"id":3647,"href":"https:\/\/theliteraryarts.com\/de\/wp-json\/wp\/v2\/posts\/3626\/revisions\/3647"}],"wp:featuredmedia":[{"embeddable":true,"href":"https:\/\/theliteraryarts.com\/de\/wp-json\/wp\/v2\/media\/3627"}],"wp:attachment":[{"href":"https:\/\/theliteraryarts.com\/de\/wp-json\/wp\/v2\/media?parent=3626"}],"wp:term":[{"taxonomy":"category","embeddable":true,"href":"https:\/\/theliteraryarts.com\/de\/wp-json\/wp\/v2\/categories?post=3626"},{"taxonomy":"post_tag","embeddable":true,"href":"https:\/\/theliteraryarts.com\/de\/wp-json\/wp\/v2\/tags?post=3626"}],"curies":[{"name":"wp","href":"https:\/\/api.w.org\/{rel}","templated":true}]}}