{"id":5029,"date":"2023-04-24T15:01:37","date_gmt":"2023-04-24T22:01:37","guid":{"rendered":"https:\/\/theliteraryarts.com\/?p=5029"},"modified":"2023-10-29T09:25:01","modified_gmt":"2023-10-29T16:25:01","slug":"keeping-silent-earth-day-2023","status":"publish","type":"post","link":"https:\/\/theliteraryarts.com\/de\/keeping-silent-earth-day-2023\/","title":{"rendered":"Schweigsamkeit \/ Tag der Erde, 2023"},"content":{"rendered":"<p><strong>Bei unserem Sektionstreffen am Samstag, dem 22. April 2023, haben wir uns \u00fcber die Ereignisse in der Sektion und der Klasse ausgetauscht. Von diesem Abend habe ich keine Aufzeichnung gemacht. Wir begannen mit einem Vers von Novalis und h\u00f6rten dann eine Auswahl aus einem Gedicht von Pablo Neruda, \"Keeping Quiet\". Es handelt sich um ein \"gefundenes Gedicht\", das ich an der Wand eines verlassenen Geb\u00e4udes in Point Reyes Station, CA, gefunden habe.\u00a0<\/strong><\/p>\n<p><strong>Hier ist eine Zusammenfassung unserer Diskussionsthemen.<\/strong><\/p>\n<ul>\n<li>\u00a0\u201c<strong>Das Treffen\" in Spring Valley, Pfingsten 2023. (\"Meeting for the Movement\" \/ \". . . 28. Mai in Spring Valley mit den Mitgliedern des Collegiums, den nationalen Gesellschaftsr\u00e4ten, den Vertretern der vier Regionen der Klassentr\u00e4ger und dem Rat der Anthroposophischen Organisationen, die das Bed\u00fcrfnis nach einer Neuformierung unserer Bewegung haben. Zwei Mitglieder der Goetheanum-Leitung werden anwesend sein, um unseren Prozess zu bezeugen und zu unterst\u00fctzen.<\/strong><strong>\") Clifford Venho wird als Vertreter unserer Sektionsleitergruppe teilnehmen. Patricia Dickson von der Sektion Bildende Kunst, die regelm\u00e4\u00dfig an unseren Samstagstreffen f\u00fcr Literatur und Geisteswissenschaften teilnimmt, wird ebenfalls an \"The Meeting\" in Spring Valley teilnehmen. <span style=\"color: #ff0000;\">Clifford wird am 10. Juni an unserer Sektionssitzung teilnehmen und \u00fcber \"The Meeting\" in Spring Valley berichten.<\/span><\/strong><\/li>\n<\/ul>\n<p>&nbsp;<\/p>\n<ul>\n<li><strong>Die Internationale Konferenz \"Gralssuche\" in Dornach, Pfingsten 2023. Ich werde einen Vortrag mit dem Titel halten: \"<\/strong><strong>Souver\u00e4ne des Grals: Parzival und Galahad als gegens\u00e4tzliche Gralshelden.<\/strong><strong>\u201d<a href=\"https:\/\/theliteraryarts.com\/de\/the-quest-for-the-grail-an-international-section-conference-at-whitsun-2023\/\" target=\"_blank\" rel=\"noopener\">Klicken Sie auf diesen Satz f\u00fcr Informationen<\/a>. <span style=\"color: #ff0000;\">Ich werde auf unserer Sektionssitzung am 10. Juni \u00fcber diese Gralskonferenz berichten.<\/span><\/strong><\/li>\n<\/ul>\n<p>&nbsp;<\/p>\n<ul>\n<li><strong>Das Festival der Initiative in Manitoba, Kanada, August 2023. Die Sektion sponsert eine k\u00fcnstlerische Creating Together Group mit dem Schwerpunkt \"Romanticizing the World\". \u00a0<a href=\"https:\/\/thatgoodmaybecome.ca\/\">Klicken Sie auf diesen Satz, um Informationen zu erhalten.<\/a><\/strong><\/li>\n<\/ul>\n<p>&nbsp;<\/p>\n<ul>\n<li><strong>Pl\u00e4ne f\u00fcr unsere Herbsttagungen der Sektion.\u00a0<a href=\"https:\/\/theliteraryarts.com\/de\/\">Klicken Sie auf diesen Satz, um Informationen zu erhalten.<\/a><\/strong><\/li>\n<\/ul>\n<p>&nbsp;<\/p>\n<ul>\n<li><strong>Der Artikel von Peter Selg \"Was ist die Freie Hochschule f\u00fcr Geisteswissenschaft?\" \/ ein Grundlagendokument f\u00fcr \"The Meeting\" in Spring Valley zu Pfingsten.\u00a0<a href=\"https:\/\/theliteraryarts.com\/de\/preparing-the-future-by-peter-selg\/\">Klicken Sie auf diesen Satz, um Informationen zu erhalten.<\/a><\/strong><\/li>\n<\/ul>\n<p><strong>\u00a0<\/strong><\/p>\n<ul>\n<li><strong>Geschichte und Ver\u00e4nderungen der Sektion f\u00fcr Literatur- und Geisteswissenschaften seit dem Jahr 2000, mit besonderem Fokus auf die Ereignisse seit 2019.\u00a0<a href=\"https:\/\/theliteraryarts.com\/de\/category\/section-news\/\">Klicken Sie auf diesen Satz, um Informationen zu erhalten.<\/a><\/strong><\/li>\n<\/ul>\n<p>&nbsp;<\/p>\n<ul>\n<li><strong>Pl\u00e4ne f\u00fcr pers\u00f6nliche Konferenzen der Sektion mit Christiane Haid in Nordamerika und Europa in den Jahren 2024 und 2025. Weitere Informationen werden regelm\u00e4\u00dfig auf unseren laufenden Sitzungen oder auf der Website bekannt gegeben.\u00a0<a href=\"https:\/\/theliteraryarts.com\/de\/\">Klicken Sie auf diesen Satz, um Informationen zu erhalten.<\/a><\/strong><\/li>\n<\/ul>\n<p>&nbsp;<\/p>\n<p><img loading=\"lazy\" decoding=\"async\" class=\"alignnone size-full wp-image-5030\" src=\"https:\/\/theliteraryarts.com\/wp-content\/uploads\/2023\/04\/IMG_2514-2.jpeg\" alt=\"\" width=\"900\" height=\"204\" srcset=\"https:\/\/theliteraryarts.com\/wp-content\/uploads\/2023\/04\/IMG_2514-2.jpeg 900w, https:\/\/theliteraryarts.com\/wp-content\/uploads\/2023\/04\/IMG_2514-2-480x109.jpeg 480w\" sizes=\"(min-width: 0px) and (max-width: 480px) 480px, (min-width: 481px) 900px, 100vw\" \/><\/p>\n<p>Bibliothek und Sitzungssaal der Swedenborgian Church, San Francisco, CA<\/p>\n<blockquote><p><em><strong>Nunc licet intellectualiter intrare in arcana fidei. \u00a0<\/strong><\/em><\/p>\n<p><em><strong>\"Nun ist es erlaubt, mit Verst\u00e4ndnis in die Geheimnisse des Glaubens einzudringen.\" <\/strong><\/em><\/p>\n<p><em><strong>- Emmanuel Swedenborg<\/strong><\/em><\/p><\/blockquote>\n<p>&nbsp;<\/p>\n<p><img loading=\"lazy\" decoding=\"async\" class=\"alignnone size-full wp-image-5033\" src=\"https:\/\/theliteraryarts.com\/wp-content\/uploads\/2023\/04\/12-.-The-Literary-Arts.-Novalis.-New-Translation.jpg\" alt=\"\" width=\"900\" height=\"574\" srcset=\"https:\/\/theliteraryarts.com\/wp-content\/uploads\/2023\/04\/12-.-The-Literary-Arts.-Novalis.-New-Translation.jpg 900w, https:\/\/theliteraryarts.com\/wp-content\/uploads\/2023\/04\/12-.-The-Literary-Arts.-Novalis.-New-Translation-480x306.jpg 480w\" sizes=\"(min-width: 0px) and (max-width: 480px) 480px, (min-width: 481px) 900px, 100vw\" \/><\/p>\n<p><strong>Verse f\u00fcr unsere Begegnungen<\/strong><\/p>","protected":false},"excerpt":{"rendered":"<p>At our Section meeting on Saturday April 22, 2023 we shared news about events in the Section and the Class. I did not make a recording of this evening. We started off with a verse by Novalis, and then we enjoyed a selection from a poem by Pablo Neruda, &#8220;Keeping Quiet.&#8221; This is a &#8220;found [&hellip;]<\/p>\n","protected":false},"author":1,"featured_media":5031,"comment_status":"closed","ping_status":"closed","sticky":false,"template":"","format":"standard","meta":{"_et_pb_use_builder":"","_et_pb_old_content":"","_et_gb_content_width":"","footnotes":""},"categories":[12],"tags":[],"class_list":["post-5029","post","type-post","status-publish","format-standard","has-post-thumbnail","hentry","category-meeting-summaries"],"_links":{"self":[{"href":"https:\/\/theliteraryarts.com\/de\/wp-json\/wp\/v2\/posts\/5029","targetHints":{"allow":["GET"]}}],"collection":[{"href":"https:\/\/theliteraryarts.com\/de\/wp-json\/wp\/v2\/posts"}],"about":[{"href":"https:\/\/theliteraryarts.com\/de\/wp-json\/wp\/v2\/types\/post"}],"author":[{"embeddable":true,"href":"https:\/\/theliteraryarts.com\/de\/wp-json\/wp\/v2\/users\/1"}],"replies":[{"embeddable":true,"href":"https:\/\/theliteraryarts.com\/de\/wp-json\/wp\/v2\/comments?post=5029"}],"version-history":[{"count":5,"href":"https:\/\/theliteraryarts.com\/de\/wp-json\/wp\/v2\/posts\/5029\/revisions"}],"predecessor-version":[{"id":5078,"href":"https:\/\/theliteraryarts.com\/de\/wp-json\/wp\/v2\/posts\/5029\/revisions\/5078"}],"wp:featuredmedia":[{"embeddable":true,"href":"https:\/\/theliteraryarts.com\/de\/wp-json\/wp\/v2\/media\/5031"}],"wp:attachment":[{"href":"https:\/\/theliteraryarts.com\/de\/wp-json\/wp\/v2\/media?parent=5029"}],"wp:term":[{"taxonomy":"category","embeddable":true,"href":"https:\/\/theliteraryarts.com\/de\/wp-json\/wp\/v2\/categories?post=5029"},{"taxonomy":"post_tag","embeddable":true,"href":"https:\/\/theliteraryarts.com\/de\/wp-json\/wp\/v2\/tags?post=5029"}],"curies":[{"name":"wp","href":"https:\/\/api.w.org\/{rel}","templated":true}]}}