{"id":5879,"date":"2024-08-14T08:00:37","date_gmt":"2024-08-14T15:00:37","guid":{"rendered":"https:\/\/theliteraryarts.com\/?p=5879"},"modified":"2025-07-11T08:34:36","modified_gmt":"2025-07-11T15:34:36","slug":"2024-north-american-section-conference","status":"publish","type":"post","link":"https:\/\/theliteraryarts.com\/de\/2024-north-american-section-conference\/","title":{"rendered":"2024 Konferenz der nordamerikanischen Sektion"},"content":{"rendered":"<h6 style=\"text-align: right;\"><strong>Ank\u00fcndigung Kunstwerk: \"Tamalpais\" von Marion Donehower<\/strong><\/h6>\n<p>&nbsp;<\/p>\n<h2 style=\"text-align: center;\"><strong>\"Das Genie der Sprache \"*<\/strong><\/h2>\n<h3 style=\"text-align: center;\"><strong>Eine nordamerikanische Konferenz<\/strong><\/h3>\n<h3 style=\"text-align: center;\"><strong>der Sektion f\u00fcr Literarische Kunst und Geisteswissenschaften<\/strong><\/h3>\n<h5 style=\"text-align: center;\"><strong>Ein Fest der poetischen Sprache und der literarischen Vorstellungskraft<\/strong><\/h5>\n<p>&nbsp;<\/p>\n<h2 style=\"text-align: center;\"><strong>San Francisco: 7. und 8. September 2024 (geschlossen)<\/strong><\/h2>\n<h2 style=\"text-align: center;\"><strong>Toronto: 13. bis 15. September 2024 (offen)<\/strong><\/h2>\n<h2><\/h2>\n<h1 style=\"text-align: center;\"><a href=\"https:\/\/secure.anthroposophy.org\/np\/clients\/anthroposophy\/eventRegistration.jsp?forwardedFromSecureDomain=1&amp;event=991\" target=\"_blank\" rel=\"noopener\"><span style=\"color: #ff0000;\"><strong>Klicken Sie hier, um sich f\u00fcr Toronto zu registrieren<\/strong><\/span><\/a><\/h1>\n<p>&nbsp;<\/p>\n<p style=\"text-align: center;\"><strong>(F\u00fcr San Francisco gibt es eine Warteliste. Personen, die sich der Sektion und ihrer Arbeit schicksalhaft verbunden f\u00fchlen, sollten nicht z\u00f6gern, sich direkt an XXX zu wenden).<\/strong><\/p>\n<p><a href=\"https:\/\/theliteraryarts.com\/de\/2024-north-american-section-conference\/image-8-3-24-at-3-40-pm\/\" rel=\"attachment wp-att-6984\"><img loading=\"lazy\" decoding=\"async\" class=\"aligncenter size-full wp-image-6984\" src=\"https:\/\/theliteraryarts.com\/wp-content\/uploads\/2024\/08\/Image-8-3-24-at-3.40\u202fPM.jpg\" alt=\"\" width=\"984\" height=\"1428\" srcset=\"https:\/\/theliteraryarts.com\/wp-content\/uploads\/2024\/08\/Image-8-3-24-at-3.40\u202fPM.jpg 984w, https:\/\/theliteraryarts.com\/wp-content\/uploads\/2024\/08\/Image-8-3-24-at-3.40\u202fPM-207x300.jpg 207w, https:\/\/theliteraryarts.com\/wp-content\/uploads\/2024\/08\/Image-8-3-24-at-3.40\u202fPM-706x1024.jpg 706w, https:\/\/theliteraryarts.com\/wp-content\/uploads\/2024\/08\/Image-8-3-24-at-3.40\u202fPM-768x1115.jpg 768w, https:\/\/theliteraryarts.com\/wp-content\/uploads\/2024\/08\/Image-8-3-24-at-3.40\u202fPM-8x12.jpg 8w, https:\/\/theliteraryarts.com\/wp-content\/uploads\/2024\/08\/Image-8-3-24-at-3.40\u202fPM-980x1422.jpg 980w, https:\/\/theliteraryarts.com\/wp-content\/uploads\/2024\/08\/Image-8-3-24-at-3.40\u202fPM-480x697.jpg 480w\" sizes=\"(max-width: 984px) 100vw, 984px\" \/><\/a><\/p>\n<h6 style=\"text-align: center;\"><strong>Scrollen Sie zum UNTEREN Ende dieser Seite f\u00fcr das SAN FRANCISCO PROGRAMM<\/strong><\/h6>\n<h1><\/h1>\n<h1 style=\"text-align: center;\"><a href=\"https:\/\/secure.anthroposophy.org\/np\/clients\/anthroposophy\/eventRegistration.jsp?forwardedFromSecureDomain=1&amp;event=991\" target=\"_blank\" rel=\"noopener\"><span style=\"color: #ff0000;\"><strong>Klicken Sie hier, um sich f\u00fcr Toronto zu registrieren<\/strong><\/span><\/a><\/h1>\n<h4><\/h4>\n<h4 style=\"text-align: center;\"><span style=\"color: #ff0000;\"><strong>Kosten und Logistik \/ Nur Campus Toronto <\/strong><\/span><\/h4>\n<p>&nbsp;<\/p>\n<p><strong>Alle Veranstaltungen der Toronto-Konferenz finden in Toronto statt:<\/strong><br \/>\n<strong>Rudolf Steiner College Kanada \/ Toronto Waldorfschule<\/strong><br \/>\n<strong>9100 Bathurst Street, Thornhill, Ontario. \u00a0<\/strong><strong>Parkpl\u00e4tze sind vorhanden. <\/strong><\/p>\n<p><strong>NEUER PREIS F\u00dcR TORONTO: Kosten f\u00fcr den Toronto Campus: $125 US. (Die informelle Besichtigung der Galerie der Siebenergruppe ist nicht im Ticketpreis enthalten. Und Sie m\u00fcssen sich wahrscheinlich selbst um den Transport k\u00fcmmern).<\/strong><\/p>\n<p>&nbsp;<\/p>\n<p style=\"text-align: center;\"><strong>H\u00e4ufig gestellte Fragen<\/strong><\/p>\n<p><strong>\"Kann ich an beiden Standorten teilnehmen?\"<\/strong> <strong>Wird Christiane Haid bei beiden anwesend sein?\"<\/strong>\u00a0 \u00a0Christiane Haid wird an beiden Standorten anwesend sein und Vortr\u00e4ge halten. Es wird ausreichend Zeit sein, sie zu treffen und mit ihr zu sprechen. Die Veranstaltungen an jedem Ort werden einen reichen Teppich gemeinsamer Themen weben. Jeder nordamerikanische Standort wird etwas Besonderes hinzuf\u00fcgen, das den einzigartigen genius loci oder den vorherrschenden \"Geist des Ortes\" widerspiegelt. Zusammen werden die beiden Standorte einen Einblick in den Reichtum und die Vielfalt der Arbeit unserer nordamerikanischen Sektion am Ende des ersten Quartals des 21. Jahrhunderts geben.<\/p>\n<p><strong>\"Muss ich Mitglied einer Sektion sein?\"<\/strong>\u00a0 \u00a0Die Konferenz ist f\u00fcr Freunde und Mitglieder der Sektion gedacht. Sie m\u00fcssen sich nicht als \"Mitglied\" der Sektion ausweisen. Blaue Karten sind nicht erforderlich. Freunde und Mitglieder k\u00f6nnen an einem oder beiden Orten teilnehmen.<\/p>\n<p><strong>\"Wo kann ich in Toronto wohnen?\"<\/strong>\u00a0 \u00a0Wenn Sie an einer Unterbringung in einem Privathaushalt interessiert sind, senden Sie bitte eine E-Mail an Robert McKay unter XXX und geben Sie Ihre W\u00fcnsche an.<\/p>\n<p><strong>\"Gibt es Stipendien? Kann ich eine Reiseunterst\u00fctzung beantragen?\"<\/strong>\u00a0 \u00a0M\u00f6glicherweise stehen begrenzte Mittel f\u00fcr die Reiseunterst\u00fctzung zur Verf\u00fcgung, dies h\u00e4ngt jedoch von den Anmeldungen und Spenden ab. Kontaktieren Sie Robert McKay unter XXX<\/p>\n<p><strong>\"Sind die Mahlzeiten in Toronto inbegriffen?\"<\/strong>\u00a0 \u00a0Ja, vegetarische Mahlzeiten und Snacks sind an beiden Standorten inbegriffen. Toronto wird <strong>nicht<\/strong> haben ein Abendessen am Samstagabend. Tickets ohne Verpflegung sind nicht erh\u00e4ltlich. Informationen zu Mahlzeiten und Unterk\u00fcnften finden Sie bei den Angaben zum Veranstaltungsort. Tische und St\u00fchle f\u00fcr Mittag- und Abendessen sind an jedem Veranstaltungsort vorhanden. Bei Lebensmittelallergien oder veganen Optionen wenden Sie sich bitte an Robert McKay unter XXX<\/p>\n<p><strong>\"Wie komme ich auf die Warteliste f\u00fcr San Francisco?\" \"Kann ich in letzter Minute noch einen Platz bekommen?\" <\/strong>\u00a0 \u00a0Ansprechpartner XXX<\/p>\n<p><strong>\"Gibt es Erstattungen?\"<\/strong> Wie bereits im Juni angek\u00fcndigt, endete die Frist f\u00fcr R\u00fcckerstattungsantr\u00e4ge am 15. Juli. Wenn Sie sich zu den h\u00f6heren Kosten f\u00fcr Toronto angemeldet haben, k\u00f6nnen Sie eine R\u00fcckerstattung bei Robert McKay unter XXX beantragen oder, wenn Sie m\u00f6chten, den zu viel gezahlten Betrag f\u00fcr die Arbeit der Fachgruppe spenden.<\/p>\n<h1 style=\"text-align: center;\"><a href=\"https:\/\/secure.anthroposophy.org\/np\/clients\/anthroposophy\/eventRegistration.jsp?forwardedFromSecureDomain=1&amp;event=991\" target=\"_blank\" rel=\"noopener\"><span style=\"color: #ff0000;\"><strong>Klicken Sie hier, um sich f\u00fcr Toronto zu registrieren<\/strong><\/span><\/a><\/h1>\n<p><em><strong>* Der Titel der Konferenz der nordamerikanischen Sektion (\"The Genius of Language\")<\/strong> ist einem Zyklus von Vortr\u00e4gen Rudolf Steiners entnommen, die er vom 26. Dezember 1919 bis zum 3. Januar 1920 vor den Lehrern der ersten Waldorfschule in Stuttgart gehalten hat. Dieser Vortragszyklus erscheint auf Deutsch als Geisteswissenschaftliche Sprachbetrachtungen (GA 299) und tr\u00e4gt auf Englisch den Titel \"The Genius of Language\" (trans. by Ruth Pusch and Gertrude Teutsch; <a href=\"https:\/\/steinerbooks.presswarehouse.com\/browse\/book\/9780880103862\/The-Genius-of-Language\" target=\"_blank\" rel=\"noopener\">SteinerBooks<\/a>). Die Konferenz wird sich zwar auf Inhalte und Themen dieser Vorlesungsreihe beziehen, aber wir werden die Reihe nicht als Prim\u00e4rtext verwenden. <strong>Obwohl die Linguistik in den Zust\u00e4ndigkeitsbereich der Sektion f\u00e4llt, handelt es sich nicht um eine Linguistik-Konferenz, sondern um eine Konferenz, die der poetischen Sprache und der literarischen Phantasie gewidmet ist.<\/strong><\/em><\/p>\n<p>&nbsp;<\/p>\n<p style=\"text-align: center;\"><strong>Ein Rundgang durch die Swedenborgianische Kirche in San Francisco<\/strong><\/p>\n<p><iframe loading=\"lazy\" title=\"In Harmonie mit der Natur\" width=\"1080\" height=\"608\" src=\"https:\/\/www.youtube.com\/embed\/NekQrN_C9iY?feature=oembed\"  allow=\"accelerometer; autoplay; clipboard-write; encrypted-media; gyroscope; picture-in-picture; web-share\" referrerpolicy=\"strict-origin-when-cross-origin\" allowfullscreen><\/iframe><\/p>\n<p>&nbsp;<\/p>\n<p><a href=\"https:\/\/theliteraryarts.com\/de\/2024-section-conference-san-francisco-information\/image-8-13-24-at-10-58-pm\/\" rel=\"attachment wp-att-7035\"><img loading=\"lazy\" decoding=\"async\" class=\"aligncenter size-full wp-image-7035\" src=\"https:\/\/theliteraryarts.com\/wp-content\/uploads\/2024\/08\/Image-8-13-24-at-10.58\u202fPM.jpg\" alt=\"\" width=\"1674\" height=\"1522\" srcset=\"https:\/\/theliteraryarts.com\/wp-content\/uploads\/2024\/08\/Image-8-13-24-at-10.58\u202fPM.jpg 1674w, https:\/\/theliteraryarts.com\/wp-content\/uploads\/2024\/08\/Image-8-13-24-at-10.58\u202fPM-300x273.jpg 300w, https:\/\/theliteraryarts.com\/wp-content\/uploads\/2024\/08\/Image-8-13-24-at-10.58\u202fPM-1024x931.jpg 1024w, https:\/\/theliteraryarts.com\/wp-content\/uploads\/2024\/08\/Image-8-13-24-at-10.58\u202fPM-768x698.jpg 768w, https:\/\/theliteraryarts.com\/wp-content\/uploads\/2024\/08\/Image-8-13-24-at-10.58\u202fPM-1536x1397.jpg 1536w, https:\/\/theliteraryarts.com\/wp-content\/uploads\/2024\/08\/Image-8-13-24-at-10.58\u202fPM-13x12.jpg 13w, https:\/\/theliteraryarts.com\/wp-content\/uploads\/2024\/08\/Image-8-13-24-at-10.58\u202fPM-1080x982.jpg 1080w, https:\/\/theliteraryarts.com\/wp-content\/uploads\/2024\/08\/Image-8-13-24-at-10.58\u202fPM-1280x1164.jpg 1280w, https:\/\/theliteraryarts.com\/wp-content\/uploads\/2024\/08\/Image-8-13-24-at-10.58\u202fPM-980x891.jpg 980w, https:\/\/theliteraryarts.com\/wp-content\/uploads\/2024\/08\/Image-8-13-24-at-10.58\u202fPM-480x436.jpg 480w\" sizes=\"(max-width: 1674px) 100vw, 1674px\" \/><\/a><\/p>\n<p><a href=\"https:\/\/theliteraryarts.com\/de\/2024-section-conference-san-francisco-information\/image-8-13-24-at-11-00-pm\/\" rel=\"attachment wp-att-7034\"><img loading=\"lazy\" decoding=\"async\" class=\"aligncenter size-full wp-image-7034\" src=\"https:\/\/theliteraryarts.com\/wp-content\/uploads\/2024\/08\/Image-8-13-24-at-11.00\u202fPM.jpg\" alt=\"\" width=\"1774\" height=\"1620\" srcset=\"https:\/\/theliteraryarts.com\/wp-content\/uploads\/2024\/08\/Image-8-13-24-at-11.00\u202fPM.jpg 1774w, https:\/\/theliteraryarts.com\/wp-content\/uploads\/2024\/08\/Image-8-13-24-at-11.00\u202fPM-300x274.jpg 300w, https:\/\/theliteraryarts.com\/wp-content\/uploads\/2024\/08\/Image-8-13-24-at-11.00\u202fPM-1024x935.jpg 1024w, https:\/\/theliteraryarts.com\/wp-content\/uploads\/2024\/08\/Image-8-13-24-at-11.00\u202fPM-768x701.jpg 768w, https:\/\/theliteraryarts.com\/wp-content\/uploads\/2024\/08\/Image-8-13-24-at-11.00\u202fPM-1536x1403.jpg 1536w, https:\/\/theliteraryarts.com\/wp-content\/uploads\/2024\/08\/Image-8-13-24-at-11.00\u202fPM-13x12.jpg 13w, https:\/\/theliteraryarts.com\/wp-content\/uploads\/2024\/08\/Image-8-13-24-at-11.00\u202fPM-1080x986.jpg 1080w, https:\/\/theliteraryarts.com\/wp-content\/uploads\/2024\/08\/Image-8-13-24-at-11.00\u202fPM-1280x1169.jpg 1280w, https:\/\/theliteraryarts.com\/wp-content\/uploads\/2024\/08\/Image-8-13-24-at-11.00\u202fPM-980x895.jpg 980w, https:\/\/theliteraryarts.com\/wp-content\/uploads\/2024\/08\/Image-8-13-24-at-11.00\u202fPM-480x438.jpg 480w\" sizes=\"(max-width: 1774px) 100vw, 1774px\" \/><\/a><\/p>\n<p>&nbsp;<\/p>\n<p>&nbsp;<\/p>\n<p>8.1.24<\/p>","protected":false},"excerpt":{"rendered":"<p>Announcement Artwork: &#8220;Tamalpais&#8221; by Marion Donehower &nbsp; &#8220;The Genius of Language&#8221;* A North American Conference of the Section for the Literary Arts &amp; Humanities A Celebration of Poetic Language and the Literary Imagination &nbsp; San Francisco: September 7 &#8211; 8, 2024 (closed) Toronto: September 13 &#8211; 15, 2024 (open) Click Here to Register for Toronto [&hellip;]<\/p>\n","protected":false},"author":1,"featured_media":6569,"comment_status":"closed","ping_status":"closed","sticky":false,"template":"","format":"standard","meta":{"_et_pb_use_builder":"","_et_pb_old_content":"","_et_gb_content_width":"","footnotes":""},"categories":[12,15,52],"tags":[],"class_list":["post-5879","post","type-post","status-publish","format-standard","has-post-thumbnail","hentry","category-meeting-summaries","category-news","category-section-news"],"_links":{"self":[{"href":"https:\/\/theliteraryarts.com\/de\/wp-json\/wp\/v2\/posts\/5879","targetHints":{"allow":["GET"]}}],"collection":[{"href":"https:\/\/theliteraryarts.com\/de\/wp-json\/wp\/v2\/posts"}],"about":[{"href":"https:\/\/theliteraryarts.com\/de\/wp-json\/wp\/v2\/types\/post"}],"author":[{"embeddable":true,"href":"https:\/\/theliteraryarts.com\/de\/wp-json\/wp\/v2\/users\/1"}],"replies":[{"embeddable":true,"href":"https:\/\/theliteraryarts.com\/de\/wp-json\/wp\/v2\/comments?post=5879"}],"version-history":[{"count":5,"href":"https:\/\/theliteraryarts.com\/de\/wp-json\/wp\/v2\/posts\/5879\/revisions"}],"predecessor-version":[{"id":8128,"href":"https:\/\/theliteraryarts.com\/de\/wp-json\/wp\/v2\/posts\/5879\/revisions\/8128"}],"wp:featuredmedia":[{"embeddable":true,"href":"https:\/\/theliteraryarts.com\/de\/wp-json\/wp\/v2\/media\/6569"}],"wp:attachment":[{"href":"https:\/\/theliteraryarts.com\/de\/wp-json\/wp\/v2\/media?parent=5879"}],"wp:term":[{"taxonomy":"category","embeddable":true,"href":"https:\/\/theliteraryarts.com\/de\/wp-json\/wp\/v2\/categories?post=5879"},{"taxonomy":"post_tag","embeddable":true,"href":"https:\/\/theliteraryarts.com\/de\/wp-json\/wp\/v2\/tags?post=5879"}],"curies":[{"name":"wp","href":"https:\/\/api.w.org\/{rel}","templated":true}]}}