{"id":69,"date":"2020-07-18T09:19:49","date_gmt":"2020-07-18T16:19:49","guid":{"rendered":"https:\/\/theliteraryarts.com\/?p=69"},"modified":"2022-08-10T09:45:48","modified_gmt":"2022-08-10T16:45:48","slug":"friedrich-hiebel-on-novalis","status":"publish","type":"post","link":"https:\/\/theliteraryarts.com\/de\/friedrich-hiebel-on-novalis\/","title":{"rendered":"Friedrich Hiebel \u00fcber Novalis"},"content":{"rendered":"<p class=\"p1\">Hier ist eine Zusammenfassung des j\u00fcngsten w\u00f6chentlichen Treffens der Sektion f\u00fcr literarische K\u00fcnste und Geisteswissenschaften der Ortsgruppe in Fair Oaks, Kalifornien. Dieses Treffen fand am 18. Juli 2020 \u00fcber Zoom statt. Bei diesem Treffen setzten wir unsere Untersuchung von <strong>Novalis<\/strong> und der Roman\u00a0<em>Heinrich von Ofterdingen.<\/em><\/p>\n<p class=\"p1\"><strong>Zusammenfassung der Sitzung<\/strong><\/p>\n<p class=\"p1\">Karen hielt einen Vortrag \u00fcber die Biographie von Friedrich von Hardenberg, basierend auf Informationen aus dem Buch von Friedrich Hiebel, der ein hingebungsvoller Gelehrter von Novalis war. In fr\u00fcheren E-Mails teilte ich Informationen dar\u00fcber mit, wie man eine gek\u00fcrzte englischsprachige \u00dcbersetzung von Dr. Hiebels Novalis-Buch erhalten kann. <a href=\"https:\/\/uncpress.org\/book\/9780807888100\/novalis\/\" target=\"_blank\" rel=\"noopener noreferrer\">Hier ist der Link<\/a>. Leider ist diese englische Version, wie erw\u00e4hnt, eine Verk\u00fcrzung. Karen verwendete die viel informativere deutsche Ausgabe, die heutzutage schwer zu finden ist.<\/p>\n<p class=\"p1\">Karen begann damit, die wichtigen altersbezogenen biographischen Momente zu notieren (so wenige es auch waren, da Novalis jung starb): Alter 18, Alter 21, Alter 28. Es ist bemerkenswert, wenn man bedenkt, dass der literarische Ruf von Novalis auf drei Jahren der Aktivit\u00e4t am Ende seines Lebens beruht. Karen erinnerte uns an jene Personen, die eine entscheidende Rolle dabei spielten, Hardenberg zu einem Verst\u00e4ndnis seiner Schicksalsidentit\u00e4t als Dichter Novalis zu verhelfen. Zu diesen Personen geh\u00f6ren in der Reihenfolge ihrer Bekanntschaft: <strong>Friedrich Schiller, Friedrich Schlegel, Ludwig Tieck<\/strong>. Jede dieser Personen verdient nat\u00fcrlich ein ausf\u00fchrliches Studium in unserer Sektion! Und wir haben bereits Zeit mit Schiller verbracht - vor allem <em>Die R\u00e4uber<\/em> und die <em>Briefe zur \u00e4sthetischen Erziehung<\/em>und wir sahen einen deutschen Film \u00fcber Schillers gleichzeitige Verliebtheit in zwei Schwestern. Peinlich!<\/p>\n<p class=\"p1\">Hardenberg traf Schiller in Jena, wo Schiller Professor war. Wenige Monate nach der Begegnung mit Schiller traf Hardenberg Friedrich Schlegel. Diese schicksalhaften Begegnungen ereigneten sich in jenem wichtigen Moment der menschlichen Biographie um das 21. Lebensjahr (f\u00fcr Hardenberg: 1791 - 1792). Wenn wir dann \u00fcber Sophie hinweggehen, kommen wir zu <strong>Ludwig Tieck<\/strong>den Hardenberg im Alter von 28 Jahren kennenlernte, nachdem er den Namen Novalis angenommen hatte. Karens Pr\u00e4sentation half uns, diese kritische Zeit in der Biographie zwischen 21 und 28 Jahren besser zu verstehen - 21 Jahre ist das Jahr der Geburt des Ichs, 28 Jahre das Jahr der Wiederkehr des Saturn - der Ruf des Schicksals, k\u00f6nnte man sagen. In der Biographie von Hardenberg entspricht das Alter von 28 Jahren der Zeit der gr\u00f6\u00dften poetischen Aktivit\u00e4t als Novalis.<\/p>\n<p class=\"p1\">Ich frage mich, ob es einen Zusammenhang zwischen dieser biographischen Saturn-Wiederkehr und der wichtigen Rolle gibt, die Arkturus im Klingsohr-M\u00e4rchen spielt? Eines der Themen des M\u00e4rchens ist \"Zeit\" und \"Erneuerung\" - wobei Arkturus eng f\u00fcr Saturn \/ Chronos steht. K\u00f6nnen wir in einer solchen Lesart einen Hinweis darauf finden, dass Hardenberg uns seine Schicksalsberufung als Novalis signalisiert? Karen wies auf die Bedeutung von Tieck hin - als einem Schriftsteller und Leser, der Hardenberg in diesem Moment ermutigte. Ich hoffe, dass wir mehr Zeit haben werden, um Ludwig Tieck zu diskutieren. Brian kam gestern Abend zu uns und machte uns auf das Erscheinen der <strong>Komet Neowise<\/strong>, jetzt am Himmel sichtbar.<\/p>\n<p><img loading=\"lazy\" decoding=\"async\" class=\"wp-image-71 size-full aligncenter\" src=\"https:\/\/theliteraryarts.com\/wp-content\/uploads\/2020\/09\/171px-CC_20200714_50644-2.jpeg\" alt=\"\" width=\"171\" height=\"239\" \/><\/p>\n<p class=\"p1\">Brian hat zugestimmt, sich mit uns am <strong>1. August<\/strong> und einen Vortrag zu halten \u00fcber\u00a0<strong>Arcturus<\/strong> und das Klingsohr-M\u00e4rchen, das sich in Kapitel neun von <em>Heinrich von Ofterdingen.<\/em> Vielen Dank, Brian!<\/p>\n<p class=\"p1\"><b>K\u00fcnstlerisches Angebot \/ Unser erster Online-Salon!<\/b><\/p>\n<p class=\"p1\">In der zweiten H\u00e4lfte des Abends pr\u00e4sentierten Margit, Marion und ich unser Auff\u00fchrungsvideo des M\u00e4rchens <em>Hyazinthe und Rosenknospe<\/em> von Novalis, die sich in <em>Die Lehrlinge von Sais<\/em>. Dies war unsere erste Erfahrung mit einem Online-Salon seit Beginn der Covid-Situation. Alles in allem ist es meiner Meinung nach gut gelaufen. Ich freue mich auf weitere Salon-Veranstaltungen in den kommenden Wochen und Monaten - online oder anderweitig oder beides.<\/p>\n<p class=\"p1\">Die <strong>Auff\u00fchrungsvideo \"Hyazinthe und Rosenknospe\".<\/strong> steht zur Ansicht zur Verf\u00fcgung.<\/p>\n<p><iframe loading=\"lazy\" title=\"Hyazinthe und Rosenknospe\" width=\"1080\" height=\"608\" src=\"https:\/\/www.youtube.com\/embed\/gZZZf3T5Mt8?feature=oembed\" frameborder=\"0\" allow=\"accelerometer; autoplay; clipboard-write; encrypted-media; gyroscope; picture-in-picture\" allowfullscreen><\/iframe><\/p>\n<p class=\"p1\">Vielen Dank an Margit und Marion f\u00fcr ihre k\u00fcnstlerische Zusammenarbeit und Anleitung! Wie in fr\u00fcheren E-Mails erw\u00e4hnt, kann Novalis uns Inspiration f\u00fcr Kreativit\u00e4t und Erneuerung bringen, wenn wir uns f\u00fcr seine Bekanntschaft und seinen Einfluss \u00f6ffnen. Das war sicherlich meine Erfahrung im Laufe der Jahre.<\/p>\n<blockquote>\n<p class=\"p1\"><em>\"Die geistige Welt steht uns in der Tat bereits offen. <\/em><em>Sie ist immer offen. <\/em><em>Wenn wir pl\u00f6tzlich so lebendig und geschmeidig werden w\u00fcrden, um es wahrzunehmen, w<\/em><em>ir w\u00fcrden uns inmitten der geistigen Welt wahrnehmen\". <\/em><strong>- Novalis<\/strong><\/p>\n<\/blockquote>","protected":false},"excerpt":{"rendered":"<p>Here is a summary of the recent weekly Section for Literary Arts &amp; Humanities meeting of the local group in Fair Oaks, CA. This\u00a0meeting occurred on July 18, 2020 via Zoom. At this meeting, we continued our exploration of Novalis and the novel\u00a0Heinrich von\u00a0Ofterdingen. Meeting Summary Karen gave a presentation on the biography of Friedrich [&hellip;]<\/p>\n","protected":false},"author":2,"featured_media":72,"comment_status":"open","ping_status":"open","sticky":false,"template":"","format":"standard","meta":{"_et_pb_use_builder":"","_et_pb_old_content":"","_et_gb_content_width":"","footnotes":""},"categories":[12,57],"tags":[],"class_list":["post-69","post","type-post","status-publish","format-standard","has-post-thumbnail","hentry","category-meeting-summaries","category-novalis"],"_links":{"self":[{"href":"https:\/\/theliteraryarts.com\/de\/wp-json\/wp\/v2\/posts\/69","targetHints":{"allow":["GET"]}}],"collection":[{"href":"https:\/\/theliteraryarts.com\/de\/wp-json\/wp\/v2\/posts"}],"about":[{"href":"https:\/\/theliteraryarts.com\/de\/wp-json\/wp\/v2\/types\/post"}],"author":[{"embeddable":true,"href":"https:\/\/theliteraryarts.com\/de\/wp-json\/wp\/v2\/users\/2"}],"replies":[{"embeddable":true,"href":"https:\/\/theliteraryarts.com\/de\/wp-json\/wp\/v2\/comments?post=69"}],"version-history":[{"count":1,"href":"https:\/\/theliteraryarts.com\/de\/wp-json\/wp\/v2\/posts\/69\/revisions"}],"predecessor-version":[{"id":4197,"href":"https:\/\/theliteraryarts.com\/de\/wp-json\/wp\/v2\/posts\/69\/revisions\/4197"}],"wp:featuredmedia":[{"embeddable":true,"href":"https:\/\/theliteraryarts.com\/de\/wp-json\/wp\/v2\/media\/72"}],"wp:attachment":[{"href":"https:\/\/theliteraryarts.com\/de\/wp-json\/wp\/v2\/media?parent=69"}],"wp:term":[{"taxonomy":"category","embeddable":true,"href":"https:\/\/theliteraryarts.com\/de\/wp-json\/wp\/v2\/categories?post=69"},{"taxonomy":"post_tag","embeddable":true,"href":"https:\/\/theliteraryarts.com\/de\/wp-json\/wp\/v2\/tags?post=69"}],"curies":[{"name":"wp","href":"https:\/\/api.w.org\/{rel}","templated":true}]}}