{"id":8147,"date":"2025-11-13T22:21:00","date_gmt":"2025-11-14T06:21:00","guid":{"rendered":"https:\/\/theliteraryarts.com\/?p=8147"},"modified":"2026-01-05T11:06:35","modified_gmt":"2026-01-05T19:06:35","slug":"the-red-thread","status":"publish","type":"post","link":"https:\/\/theliteraryarts.com\/de\/the-red-thread\/","title":{"rendered":"Rudolf Steiners Lesung der karmischen Biografie von Novalis: Ihre Bedeutung f\u00fcr unser 21. Jahrhundert"},"content":{"rendered":"<p style=\"text-align: right;\"><strong>\u00a0Marie Steiner-von Sivers; von ihr <em>Memoiren<\/em> (1953)<\/strong><\/p>\n<p>&nbsp;<\/p>\n<p><a href=\"https:\/\/theliteraryarts.com\/wp-content\/uploads\/2025\/08\/Image-4-5-25-at-10.26-PM.jpeg\"><img loading=\"lazy\" decoding=\"async\" class=\"aligncenter size-full wp-image-8436\" src=\"https:\/\/theliteraryarts.com\/wp-content\/uploads\/2025\/08\/Image-4-5-25-at-10.26-PM.jpeg\" alt=\"\" width=\"900\" height=\"633\" srcset=\"https:\/\/theliteraryarts.com\/wp-content\/uploads\/2025\/08\/Image-4-5-25-at-10.26-PM.jpeg 900w, https:\/\/theliteraryarts.com\/wp-content\/uploads\/2025\/08\/Image-4-5-25-at-10.26-PM-480x338.jpeg 480w\" sizes=\"(min-width: 0px) and (max-width: 480px) 480px, (min-width: 481px) 900px, 100vw\" \/><\/a><\/p>\n<p>&nbsp;<\/p>\n<p style=\"font-weight: 400;\"><strong>Liebe Freunde,<\/strong><\/p>\n<p><strong>Dies ist eine bearbeitete und \u00fcberarbeitete Version eines Vortrags, den ich vor Freunden und Mitgliedern der Anthroposophischen Gesellschaft in Amerika \u00fcber Zoom gehalten habe. Der Vortrag fand statt am <a href=\"https:\/\/secure.anthroposophy.org\/np\/clients\/anthroposophy\/event.jsp?forwardedFromSecureDomain=1&amp;event=1055\" target=\"_blank\" rel=\"noopener\">10. April 2025, im Rahmen des Osterfestivals der Amerikanischen Gesellschaft: \"Anthroposophie immer wieder neu\".<\/a> Der Vortrag war ein Angebot der nordamerikanischen Sektion f\u00fcr Literatur und Geisteswissenschaften der Freien Hochschule f\u00fcr Geisteswissenschaft an die Gesellschaft.\u00a0<\/strong><\/p>\n<p><strong>Dies ist der begleitende Vortrag zu einer Pr\u00e4sentation, die ich auf der <a href=\"https:\/\/frontrangeanthrocafe.org\/\" target=\"_blank\" rel=\"noopener\">Front Range Anthroposophisches Cafe<\/a> im Juni, 2025 <a href=\"https:\/\/theliteraryarts.com\/de\/goethes-fairy-tale-2\/\" target=\"_blank\" rel=\"noopener\">\"In meinem Ende ist mein Anfang ... Das M\u00e4rchen, das die Anthroposophie inspirierte\".<\/a> Die beiden Vortr\u00e4ge sollten idealerweise zusammen angesehen werden. Ich habe Kapitelmarkierungen hinzugef\u00fcgt, damit man sie \u00fcberfliegen oder \u00fcberspringen kann.\u00a0<\/strong><\/p>\n<p><iframe loading=\"lazy\" title=\"Rudolf Steiners Lekt\u00fcre der Karmischen Biographie von Novalis: Ihre Bedeutung f\u00fcr unser 21. Jahrhundert\" src=\"https:\/\/player.vimeo.com\/video\/1106893728?dnt=1&amp;app_id=122963\" width=\"1080\" height=\"608\" frameborder=\"0\" allow=\"autoplay; fullscreen; picture-in-picture; clipboard-write; encrypted-media; web-share\" referrerpolicy=\"strict-origin-when-cross-origin\"><\/iframe><\/p>\n<p>&nbsp;<\/p>\n<p><strong>Kapitel Abteilungen<\/strong><\/p>\n<ol>\n<li><strong>00:00 Vorwort zum Video<\/strong><\/li>\n<li><strong>01:46 Einf\u00fchrung in unser Thema<\/strong><\/li>\n<li><strong>15:27 Das Geheimnis der letzten Ansprache \u00a0<\/strong><\/li>\n<li><strong>22:38 Was fehlt in der letzten Adresse?<\/strong><\/li>\n<li><strong>28:08 Rudolf Steiner. \"Theosoph\"?<\/strong><\/li>\n<li><strong>33:24 Der Dichter Novalis. \"Anthroposoph\"?<\/strong><\/li>\n<li><strong>41:08 Was ist \"Geistige \u00d6konomie\"? Warum sollte mich das interessieren?<\/strong><\/li>\n<li><strong>43:41 Die Kontinuit\u00e4t des roten Fadens<\/strong><\/li>\n<li><strong>46:13 \"Ordo Inversus\"<\/strong><\/li>\n<li><strong>53:53 Sch\u00f6nheit... G\u00fcte und Wahrheit: Ihre Bedeutung f\u00fcr die Anthroposophie<\/strong><\/li>\n<li><strong>55:44 11. \"Ordo Inversus\". . . Ein letztes Beispiel<\/strong><\/li>\n<li><strong>59:55 12. Binden der \"Roten F\u00e4den\"<\/strong><\/li>\n<li><strong>60:03 Alles, was Sie wirklich wissen m\u00fcssen: \"Lied Eins\" aus \"Die Lieder des Geistes\" von Novalis<\/strong><\/li>\n<\/ol>\n<p>&nbsp;<\/p>\n<p>&nbsp;<\/p>\n<p>&nbsp;<\/p>\n<p>&nbsp;<\/p>\n<p>08.02.25<\/p>","protected":false},"excerpt":{"rendered":"<p>\u00a0Marie Steiner-von Sivers; from her Memoirs (1953) &nbsp; &nbsp; Dear Friends, This is an edited and revised version of a lecture that I gave on Zoom to an audience friends and members of the Anthroposophical Society in America. The lecture occurred on April 10, 2025, as part of the American Society\u2019s Easter Festival: \u201cAnthroposophy Ever [&hellip;]<\/p>\n","protected":false},"author":1,"featured_media":8435,"comment_status":"closed","ping_status":"closed","sticky":false,"template":"","format":"standard","meta":{"_et_pb_use_builder":"","_et_pb_old_content":"","_et_gb_content_width":"","footnotes":""},"categories":[49,12,57],"tags":[],"class_list":["post-8147","post","type-post","status-publish","format-standard","has-post-thumbnail","hentry","category-lectures","category-meeting-summaries","category-novalis"],"_links":{"self":[{"href":"https:\/\/theliteraryarts.com\/de\/wp-json\/wp\/v2\/posts\/8147","targetHints":{"allow":["GET"]}}],"collection":[{"href":"https:\/\/theliteraryarts.com\/de\/wp-json\/wp\/v2\/posts"}],"about":[{"href":"https:\/\/theliteraryarts.com\/de\/wp-json\/wp\/v2\/types\/post"}],"author":[{"embeddable":true,"href":"https:\/\/theliteraryarts.com\/de\/wp-json\/wp\/v2\/users\/1"}],"replies":[{"embeddable":true,"href":"https:\/\/theliteraryarts.com\/de\/wp-json\/wp\/v2\/comments?post=8147"}],"version-history":[{"count":5,"href":"https:\/\/theliteraryarts.com\/de\/wp-json\/wp\/v2\/posts\/8147\/revisions"}],"predecessor-version":[{"id":8206,"href":"https:\/\/theliteraryarts.com\/de\/wp-json\/wp\/v2\/posts\/8147\/revisions\/8206"}],"wp:featuredmedia":[{"embeddable":true,"href":"https:\/\/theliteraryarts.com\/de\/wp-json\/wp\/v2\/media\/8435"}],"wp:attachment":[{"href":"https:\/\/theliteraryarts.com\/de\/wp-json\/wp\/v2\/media?parent=8147"}],"wp:term":[{"taxonomy":"category","embeddable":true,"href":"https:\/\/theliteraryarts.com\/de\/wp-json\/wp\/v2\/categories?post=8147"},{"taxonomy":"post_tag","embeddable":true,"href":"https:\/\/theliteraryarts.com\/de\/wp-json\/wp\/v2\/tags?post=8147"}],"curies":[{"name":"wp","href":"https:\/\/api.w.org\/{rel}","templated":true}]}}