{"id":8594,"date":"2026-02-04T16:12:22","date_gmt":"2026-02-05T00:12:22","guid":{"rendered":"https:\/\/theliteraryarts.com\/?p=8594"},"modified":"2026-03-05T08:47:42","modified_gmt":"2026-03-05T16:47:42","slug":"under-the-sign-of-the-mother-raphael-novalis","status":"publish","type":"post","link":"https:\/\/theliteraryarts.com\/de\/under-the-sign-of-the-mother-raphael-novalis\/","title":{"rendered":"Im Zeichen der Mutter: \u201cRaphael-Novalis\u201d"},"content":{"rendered":"<p>&nbsp;<\/p>\n<p><strong>Liebe Freunde,<\/strong><\/p>\n<p><strong>Hier ist das vom Autor bearbeitete Video des Zoom-Vortrags, den ich am 5. Januar 2026 vor der Amerikanischen Anthroposophischen Gesellschaft als Beitrag der Sektion zu den Feierlichkeiten zur Sonnenwende und den Heiligen N\u00e4chten gehalten habe. Dieses Video ist auch der versprochene Abschluss der <a href=\"https:\/\/theliteraryarts.com\/de\/novalis-magical-idealism-rudolf-steiners-last-address-a-five-part-video-lecture-series-by-bruce-donehower-ph-d\/\" target=\"_blank\" rel=\"noopener\">die 2022 begonnene f\u00fcnfteilige Videovortragsreihe mit dem Titel \u201cNovalis, Magischer Idealismus &amp; Rudolf Steiners letzte Adresse\u201d.\u201d<\/a> Das Video enth\u00e4lt Material aus dem <a href=\"https:\/\/theliteraryarts.com\/de\/the-karmic-biography-of-novalis-rudolf-steiners-last-address\/\" target=\"_blank\" rel=\"noopener\">zwei Vortr\u00e4ge, die ich in Dornach an der Rudolf Steiner Halde gehalten habe<\/a> im Oktober\/November 2024, die damals in deutscher Sprache vor den Mitgliedern der Sektion f\u00fcr die sch\u00f6nen Wissenschaften, wie unsere Sektion auf Deutsch hei\u00dft, vorgestellt wurden.<\/strong><\/p>\n<p><strong>Dieses Video ist auch ein weiterer Schritt in Richtung der Novalis-Konferenz 2026, die zu Pfingsten vom 22. bis 25. Mai 2026 am Goetheanum stattfinden wird. <\/strong><\/p>\n<p><strong>Ein PDF des Konferenzprogramms ist diesem Beitrag beigef\u00fcgt. Ich werde einen Vortrag \u00fcber \u201cNovalis als Trickster\u201d halten, und der virtuose Geiger Emmanuel Vukovich und ich werden gemeinsam Folgendes pr\u00e4sentieren <a href=\"https:\/\/www.amazon.com\/Hymns-Night-Novalis-Performance-Text\/dp\/195811622X\/ref=sr_1_1?crid=26J6SR7TYPBNN&amp;dib=eyJ2IjoiMSJ9.e9tHY8zryOBM9SfR1HsA_5XJT54I73Zr8hPsdUkeVBHQou0lVfTmDl21UrTW_gUbkwQhiD4EeHpce3Y5Jxfui4eB4Lsmgdcu6LqqLhKZs1xiRe62ooY2E08luqZ5O2CR87LlTx_7fKiUFy-PRA6-2A.r7-BGm_8dW5MtnEferNVwaHW7kx07nY3oPdJ1pzH00M&amp;dib_tag=se&amp;keywords=Hymns+to+the+Night+Novalis+performance&amp;qid=1769142784&amp;sprefix=hymns+to+the+night+novalis+performance%2Caps%2C235&amp;sr=8-1\" target=\"_blank\" rel=\"noopener\"><em>Hymnen an die Nacht<\/em><\/a> von Novalis in meiner neuen englischen \u00dcbersetzung. Dieses Werk haben Emmanuel und ich bei der Urauff\u00fchrung des <a href=\"https:\/\/theliteraryarts.com\/de\/2025-section-conference-keynote-lectures\/\" target=\"_blank\" rel=\"noopener\">Mai 2025 Konferenz der nordamerikanischen Sektion in San Francisco<\/a> in der Swedenborg-Kirche, einem nationalen historischen Monument.<\/strong><\/p>\n<p><iframe loading=\"lazy\" title=\"Im Zeichen der Mutter: Raphael-Novalis\" src=\"https:\/\/player.vimeo.com\/video\/1157387691?dnt=1&amp;app_id=122963\" width=\"1080\" height=\"608\" frameborder=\"0\" allow=\"autoplay; fullscreen; picture-in-picture; clipboard-write; encrypted-media; web-share\" referrerpolicy=\"strict-origin-when-cross-origin\"><\/iframe><\/p>\n<p>&nbsp;<\/p>\n<div id=\"attachment_8583\" style=\"width: 748px\" class=\"wp-caption aligncenter\"><a href=\"https:\/\/theliteraryarts.com\/wp-content\/uploads\/2026\/01\/146-ssw-Pfingsttagung-26-2025-12-01-1-screen.pdf\"><img loading=\"lazy\" decoding=\"async\" aria-describedby=\"caption-attachment-8583\" class=\"wp-image-8583 size-large\" src=\"https:\/\/theliteraryarts.com\/wp-content\/uploads\/2026\/01\/E3459BA2-0709-4413-9EC4-892EB81395A4_1_105_c-738x1024.jpeg\" alt=\"\" width=\"738\" height=\"1024\" srcset=\"https:\/\/theliteraryarts.com\/wp-content\/uploads\/2026\/01\/E3459BA2-0709-4413-9EC4-892EB81395A4_1_105_c-738x1024.jpeg 738w, https:\/\/theliteraryarts.com\/wp-content\/uploads\/2026\/01\/E3459BA2-0709-4413-9EC4-892EB81395A4_1_105_c-480x666.jpeg 480w\" sizes=\"(min-width: 0px) and (max-width: 480px) 480px, (min-width: 481px) 738px, 100vw\" \/><\/a><p id=\"caption-attachment-8583\" class=\"wp-caption-text\"><strong>Klicken Sie auf das Bild, um das PDF des Konferenzprogramms zu lesen.<\/strong><\/p><\/div>\n<p>&nbsp;<\/p>\n<p><a href=\"https:\/\/theliteraryarts.com\/wp-content\/uploads\/2025\/03\/HymnsToTheNight_Hrz_Instgm_.jpg\"><img loading=\"lazy\" decoding=\"async\" class=\"aligncenter size-full wp-image-7823\" src=\"https:\/\/theliteraryarts.com\/wp-content\/uploads\/2025\/03\/HymnsToTheNight_Hrz_Instgm_.jpg\" alt=\"\" width=\"900\" height=\"507\" srcset=\"https:\/\/theliteraryarts.com\/wp-content\/uploads\/2025\/03\/HymnsToTheNight_Hrz_Instgm_.jpg 900w, https:\/\/theliteraryarts.com\/wp-content\/uploads\/2025\/03\/HymnsToTheNight_Hrz_Instgm_-480x270.jpg 480w\" sizes=\"(min-width: 0px) and (max-width: 480px) 480px, (min-width: 481px) 900px, 100vw\" \/><\/a><\/p>\n<p>&nbsp;<\/p>\n<div id=\"attachment_8022\" style=\"width: 650px\" class=\"wp-caption aligncenter\"><a href=\"https:\/\/www.amazon.com\/Hymns-Night-Novalis-Performance-Text\/dp\/195811622X\/ref=sr_1_5?crid=ZN8HXHHGMKXQ&amp;dib=eyJ2IjoiMSJ9.3EnS3FbVh4b99VrUq3rJmF9R5N_jMFhwGBMHDfaBoS8_cXJPsD071i8pA6Pmq6vUu5IHCjNKqLTFNMiwuAcUDNhcLQ9FxfBp93WmS8K3KaAOtK2AlFNeGOg4J9PpmJxw5mqznkD0yJmyzwCXdz_jHtUCaiVbqO-aBY0DqQubN2DCm017JRP5XXhcpbEOB1ql3_xyzVjX-Adrba-Mn7ccES5ZZVvpkvPJdkFCPRIoCvQ.zNryyZR2pABFWbIOrge-oYvd8MhYXmwDhYLRwV4vPlc&amp;dib_tag=se&amp;keywords=Hymns+to+the+Night+Novalis&amp;qid=1769126481&amp;sprefix=hymns+to+the+night+novali%2Caps%2C232&amp;sr=8-5\"><img loading=\"lazy\" decoding=\"async\" aria-describedby=\"caption-attachment-8022\" class=\"wp-image-8022 size-large\" src=\"https:\/\/theliteraryarts.com\/wp-content\/uploads\/2025\/05\/Hymns-Ebook-cover-640x1024.jpg\" alt=\"\" width=\"640\" height=\"1024\" srcset=\"https:\/\/theliteraryarts.com\/wp-content\/uploads\/2025\/05\/Hymns-Ebook-cover-640x1024.jpg 640w, https:\/\/theliteraryarts.com\/wp-content\/uploads\/2025\/05\/Hymns-Ebook-cover-480x768.jpg 480w\" sizes=\"(min-width: 0px) and (max-width: 480px) 480px, (min-width: 481px) 640px, 100vw\" \/><\/a><p id=\"caption-attachment-8022\" class=\"wp-caption-text\"><strong>Bild anklicken f\u00fcr Vorschau oder Kauf<\/strong><\/p><\/div>","protected":false},"excerpt":{"rendered":"<p>&nbsp; Dear Friends, Here is the author-edited video of the Zoom lecture that I delivered to the American Anthroposophical Society on January 5, 2026 as a Section contribution to the Society&#8217;s Solstice and Holy Nights observances and celebration. This video is also the promised completion of the five-part video-lecture series begun in 2022 with the [&hellip;]<\/p>\n","protected":false},"author":1,"featured_media":729,"comment_status":"closed","ping_status":"closed","sticky":false,"template":"","format":"standard","meta":{"_et_pb_use_builder":"","_et_pb_old_content":"","_et_gb_content_width":"","footnotes":""},"categories":[53,49,57],"tags":[],"class_list":["post-8594","post","type-post","status-publish","format-standard","has-post-thumbnail","hentry","category-featured-topics","category-lectures","category-novalis"],"_links":{"self":[{"href":"https:\/\/theliteraryarts.com\/de\/wp-json\/wp\/v2\/posts\/8594","targetHints":{"allow":["GET"]}}],"collection":[{"href":"https:\/\/theliteraryarts.com\/de\/wp-json\/wp\/v2\/posts"}],"about":[{"href":"https:\/\/theliteraryarts.com\/de\/wp-json\/wp\/v2\/types\/post"}],"author":[{"embeddable":true,"href":"https:\/\/theliteraryarts.com\/de\/wp-json\/wp\/v2\/users\/1"}],"replies":[{"embeddable":true,"href":"https:\/\/theliteraryarts.com\/de\/wp-json\/wp\/v2\/comments?post=8594"}],"version-history":[{"count":5,"href":"https:\/\/theliteraryarts.com\/de\/wp-json\/wp\/v2\/posts\/8594\/revisions"}],"predecessor-version":[{"id":8598,"href":"https:\/\/theliteraryarts.com\/de\/wp-json\/wp\/v2\/posts\/8594\/revisions\/8598"}],"wp:featuredmedia":[{"embeddable":true,"href":"https:\/\/theliteraryarts.com\/de\/wp-json\/wp\/v2\/media\/729"}],"wp:attachment":[{"href":"https:\/\/theliteraryarts.com\/de\/wp-json\/wp\/v2\/media?parent=8594"}],"wp:term":[{"taxonomy":"category","embeddable":true,"href":"https:\/\/theliteraryarts.com\/de\/wp-json\/wp\/v2\/categories?post=8594"},{"taxonomy":"post_tag","embeddable":true,"href":"https:\/\/theliteraryarts.com\/de\/wp-json\/wp\/v2\/tags?post=8594"}],"curies":[{"name":"wp","href":"https:\/\/api.w.org\/{rel}","templated":true}]}}