{"id":2924,"date":"2021-09-21T10:02:41","date_gmt":"2021-09-21T17:02:41","guid":{"rendered":"https:\/\/theliteraryarts.com\/?p=2924"},"modified":"2021-09-22T21:08:08","modified_gmt":"2021-09-23T04:08:08","slug":"meetings-poetry-publications","status":"publish","type":"post","link":"https:\/\/theliteraryarts.com\/es\/meetings-poetry-publications\/","title":{"rendered":"Reuniones, poes\u00eda y publicaciones"},"content":{"rendered":"<p style=\"text-align: center;\"><span style=\"font-size: 10pt;\"><strong><em>\"\u00a1Para California es un poema!\" Palabras de Ina Coolbrith. Fotograf\u00eda de Bruce Donehower<\/em><\/strong><\/span><\/p>\n<p>He aqu\u00ed un resumen de los \u00faltimos acontecimientos y una mirada al oto\u00f1o, la \"estaci\u00f3n de las brumas y la melosa fecundidad\".<\/p>\n<ul>\n<li>Una reuni\u00f3n de la Secci\u00f3n de Artes Literarias y Humanidades del grupo local de Fair Oaks, CA, tuvo lugar el 18 de septiembre de 2021.<\/li>\n<li>El 19 de septiembre de 2021 se celebr\u00f3 una reuni\u00f3n norteamericana de la Secci\u00f3n de Artes Literarias y Humanidades.<\/li>\n<li>Christiane Haid ofreci\u00f3 una espl\u00e9ndida introducci\u00f3n a <strong><a href=\"https:\/\/theliteraryarts.com\/es\/steffen-schiller-sensitive-chaos\/\" target=\"_blank\" rel=\"noopener\">Albert Steffen<\/a><\/strong> en el acto patrocinado por C\u00edrculos para una Renovaci\u00f3n de la Cultura el 20 de septiembre de 2021<\/li>\n<\/ul>\n<p>Nuestra pr\u00f3xima reuni\u00f3n programada de la Secci\u00f3n de Fair Oaks para amigos y miembros de la Secci\u00f3n de Artes Literarias y Humanidades es el s\u00e1bado 2 de octubre. Enviar\u00e9 las credenciales de Zoom a las personas interesadas el viernes anterior.<\/p>\n<p>La pr\u00f3xima reuni\u00f3n norteamericana a\u00fan no tiene fecha.<\/p>\n<p>Siga los actos de la Secci\u00f3n y los res\u00famenes de las reuniones en <a href=\"https:\/\/theliteraryarts.com\/es\/\" target=\"_blank\" rel=\"noopener\">TheLiteraryArts.com<\/a>.<\/p>\n<h3><span style=\"font-size: 24pt; color: #0000ff;\">\"De un vistazo...\"<\/span><\/h3>\n<p style=\"padding-left: 40px;\"><strong>\"Noche de poes\u00eda\"<\/strong><br \/>\nEn Fair Oaks, las reuniones de nuestra Secci\u00f3n se reanudaron el 18 de septiembre con poetas que leyeron poemas originales y amantes de la poes\u00eda que leyeron un poema de su poeta favorito. <strong><a href=\"https:\/\/1drv.ms\/u\/s!Ak8vVgGvtSV_gR0O8b31i-Lu4Wyt?e=vFC7Ki\" target=\"_blank\" rel=\"noopener\">Haga clic en esta frase para leer los poemas originales, copyright 2021 de los poetas firmantes.<\/a><\/strong><\/p>\n<p style=\"padding-left: 40px;\"><strong>Una reuni\u00f3n de la Secci\u00f3n Norteamericana<\/strong><br \/>\nEl 19 de septiembre, el collegium de la Secci\u00f3n de Artes Literarias de la Escuela de Ciencia Espiritual de Norteam\u00e9rica celebr\u00f3 una reuni\u00f3n Canad\u00e1-Estados Unidos en Zoom. Esta fue la primera de una serie de reuniones y eventos. Est\u00e9 atento a este sitio web para conocer los detalles de la programaci\u00f3n del pr\u00f3ximo evento.<\/p>\n<p style=\"padding-left: 40px;\"><strong>The Original Vorstand y Albert Steffen<\/strong><br \/>\nEl 20 de septiembre, Christiane Haid pronunci\u00f3 una conferencia de introducci\u00f3n a la vida y la carrera de <strong><a href=\"https:\/\/theliteraryarts.com\/es\/steffen-novalis-dante\/\" target=\"_blank\" rel=\"noopener\">Albert Steffen<\/a> <\/strong>en el marco de la presentaci\u00f3n de los C\u00edrculos para una Renovaci\u00f3n de la Cultura.<\/p>\n<p><span style=\"font-size: 12pt;\"><strong>\"\u00a1Palabras, palabras, palabras!\"<\/strong><\/span><\/p>\n<p style=\"padding-left: 40px;\">Tenemos la suerte de contar con un fest\u00edn de <strong>nuevas publicaciones<\/strong> en la Secci\u00f3n. Entre ellas figuran:<\/p>\n<ul>\n<li style=\"list-style-type: none;\">\n<ul>\n<li style=\"list-style-type: none;\">\n<ul>\n<li>En <em>La meditaci\u00f3n de la primera piedra y el reto de nuestro tiempo<\/em>editado por Arie van Amerigen y Christiane Haid. <strong><a href=\"https:\/\/theliteraryarts.com\/es\/the-foundation-stone-meditation\/\" target=\"_blank\" rel=\"noopener\">Haga clic en esta frase para obtener m\u00e1s informaci\u00f3n.<\/a><\/strong><\/li>\n<li><em>El \u00e1rbol cantante: Una f\u00e1bula alqu\u00edmica<\/em> por Bruce Donehower. <strong><a href=\"https:\/\/theliteraryarts.com\/es\/the-singing-tree\/\" target=\"_blank\" rel=\"noopener\">Haga clic en esta frase para obtener m\u00e1s informaci\u00f3n<\/a>.<\/strong><\/li>\n<li>Poemas le\u00eddos por sus creadores-poetas en la reuni\u00f3n de la Secci\u00f3n del 18 de septiembre de 2021. <strong><a href=\"https:\/\/1drv.ms\/u\/s!Ak8vVgGvtSV_gR0O8b31i-Lu4Wyt?e=vFC7Ki\" target=\"_blank\" rel=\"noopener\">Haga clic en esta frase para leer los poemas<\/a>.<\/strong><\/li>\n<\/ul>\n<\/li>\n<\/ul>\n<\/li>\n<\/ul>\n<h3><span style=\"color: #0000ff; font-size: 24pt;\">\"Cu\u00e9ntame m\u00e1s...\"<\/span><\/h3>\n<blockquote><p>\"\u00a1Oh necia sabidur\u00eda buscada en los libros!<br \/>\n\u00a1Oh af\u00e1n sin rumbo de las tareas dom\u00e9sticas!<br \/>\nOh cadenas que atan la mano y la mente-<br \/>\nUna vida m\u00e1s plena pide mi esp\u00edritu\".<br \/>\n- Desde <em>Anhelo<\/em> de Ina Coolbrith (Poeta Laureada de California y primera Poeta Laureada de cualquier estado de EE.UU.)<\/p><\/blockquote>\n<p><span style=\"font-size: 12pt;\"><strong>Reuniones de la Secci\u00f3n de San Miguel a Adviento<\/strong><\/span><\/p>\n<p style=\"padding-left: 40px;\">Continuaremos con nuestras reuniones regulares de Zoom en Fair Oaks, pero durante este trimestre de Michaelmas lo haremos a un tempo m\u00e1s andante. El tempo con brio appasionata de los \u00faltimos dieciocho meses sin duda ha dejado algunos o\u00eddos zumbando un poco. El m\u00edo, sin duda. Y ese pobre pianoforte... . . \"\u00a1Ach! \u00a1\u00bfQu\u00e9 pas\u00f3?!\"<\/p>\n<p style=\"padding-left: 40px;\"><strong>Nuestra pr\u00f3xima reuni\u00f3n Fair Oaks Zoom de la Secci\u00f3n es el 2 de octubre a las 7 pm PDT.<\/strong> Enviar\u00e9 material y sugerencias por adelantado a los participantes interesados. P\u00f3ngase en contacto conmigo si desea recibir estas credenciales y participar en la reuni\u00f3n.<\/p>\n<p style=\"padding-left: 40px;\">Este \"semestre\" tenemos tres ponentes invitados: <strong>el poeta Philip Thatcher, de Canad\u00e1; poeta, euritmista y traductor <a href=\"http:\/\/cliffordvenho.com\/\" target=\"_blank\" rel=\"noopener\">Clifford Venho<\/a> de Hawthorne Valley; y el actor, dramaturgo y miembro del colegio de la Secci\u00f3n Fred Dennehy, de Nueva Jersey.<\/strong> Compartir\u00e9 los detalles de las presentaciones a medida que se acerquen los acontecimientos, incluidas las fechas y las credenciales de Zoom. <strong><a href=\"https:\/\/theliteraryarts.com\/es\/owen-barfield\/\" target=\"_blank\" rel=\"noopener\">Fred<\/a><\/strong> y <strong><a href=\"https:\/\/theliteraryarts.com\/es\/christian-morgenstern-an-introduction\/\" target=\"_blank\" rel=\"noopener\">Clifford<\/a><\/strong> han participado anteriormente en nuestras reuniones; haga clic en sus nombres para acceder a los v\u00eddeos de sus presentaciones.<\/p>\n<p style=\"padding-left: 40px;\">Adem\u00e1s de los ponentes invitados, <strong>el programa de San Miguel a Adviento<\/strong> ser\u00e1 un a\u00f1o de conferencias, excursiones, videoexcursiones, noches de poes\u00eda y ficci\u00f3n, debates, salones y sorpresas. He programado las reuniones para los s\u00e1bados cada dos semanas a la hora habitual, a partir del 2 de octubre.<\/p>\n<div class=\"mceTemp\">\n<p><img loading=\"lazy\" decoding=\"async\" class=\"wp-image-2927 size-full\" src=\"https:\/\/theliteraryarts.com\/wp-content\/uploads\/2021\/09\/IMG_4794.jpeg\" alt=\"\" width=\"519\" height=\"480\" srcset=\"https:\/\/theliteraryarts.com\/wp-content\/uploads\/2021\/09\/IMG_4794.jpeg 519w, https:\/\/theliteraryarts.com\/wp-content\/uploads\/2021\/09\/IMG_4794-480x444.jpeg 480w\" sizes=\"(min-width: 0px) and (max-width: 480px) 480px, (min-width: 481px) 519px, 100vw\" \/><\/p>\n<p><span style=\"font-size: 12pt;\"><strong>Una fiesta de libros<\/strong><\/span><\/p>\n<p style=\"padding-left: 40px;\">Encontrar\u00e1 varias novedades en la lista de libros de la Secci\u00f3n en <strong><a href=\"https:\/\/theliteraryarts.com\/es\/category\/books-essays\/\" target=\"_blank\" rel=\"noopener\">la p\u00e1gina Libros y ensayos<\/a>.<\/strong><\/p>\n<p style=\"padding-left: 40px;\"><strong>Arie van Amerigen y Christiane Haid<\/strong> han publicado una colecci\u00f3n de ensayos sobre la meditaci\u00f3n de la Piedra Fundamental titulada <em><strong>La meditaci\u00f3n de la Piedra Fundamental y los retos de nuestro tiempo<\/strong><\/em>. <strong><a href=\"https:\/\/theliteraryarts.com\/es\/the-foundation-stone-meditation\/\" target=\"_blank\" rel=\"noopener\">Haga clic en esta frase para previsualizar el libro o adquirirlo.<\/a><\/strong><\/p>\n<blockquote><p><em>\"Los ensayos de La meditaci\u00f3n de la piedra angular y los retos de nuestro tiempo sin duda calentar\u00e1n nuestros corazones e iluminar\u00e1n nuestras cabezas mientras nos esforzamos por hacer el bien\".<\/em><\/p>\n<p><strong><em>- Herbert Hagens (de su rese\u00f1a del libro)<\/em><\/strong><\/p><\/blockquote>\n<p style=\"padding-left: 40px;\"><strong>Bruce Donehower<\/strong> (alias moi) ha publicado una edici\u00f3n completamente revisada de su novela <em><strong>El \u00e1rbol cantante: Una f\u00e1bula alqu\u00edmica<\/strong><\/em>. <strong><a href=\"https:\/\/theliteraryarts.com\/es\/the-singing-tree\/\" target=\"_blank\" rel=\"noopener\">Esta nueva tercera edici\u00f3n completamente revisada de Sage Cabin Publishers puede adquirirse o previsualizarse haciendo clic en esta frase.<\/a><\/strong><\/p>\n<blockquote><p><em>\"El \u00e1rbol cantante no se puede dejar de leer; engancha de inmediato. Se trata de una obra de primera categor\u00eda, ingeniosa y observadora, con un personaje central en el que uno no puede evitar creer y por el que preocuparse...\"<\/em><\/p>\n<p><strong><em>- Jane Hipolito (de su rese\u00f1a de la primera edici\u00f3n)<\/em><\/strong><\/p><\/blockquote>\n<p style=\"padding-left: 40px;\">Y no olvide los dem\u00e1s ensayos y libros sobre el <strong><a href=\"https:\/\/theliteraryarts.com\/es\/category\/books-essays\/\" target=\"_blank\" rel=\"noopener\">P\u00e1gina de libros y ensayos<\/a> <\/strong>- en particular la excelente colecci\u00f3n de poemas, <strong><em>Materia fina,<\/em> del poeta canadiense Philip Thatcher<\/strong> que el sitio web present\u00f3 por primera vez el d\u00eda del cumplea\u00f1os de John Keats, octubre de 2020. <strong><a href=\"https:\/\/theliteraryarts.com\/es\/book-review-fine-matter\/\" target=\"_blank\" rel=\"noopener\">Haga clic en esta frase para ver una muestra de los poemas o leer una rese\u00f1a de Fred Dennehy<\/a>,<\/strong> miembro del colegio de la Secci\u00f3n de Artes Literarias y Humanidades.<\/p>\n<blockquote><p><em>\"Los poemas de La materia fina de Philip Thatcher viven y respiran en este movimiento. Nos llevan a trav\u00e9s de lugares vivos con fuerzas elementales que conectan con lo que se agita dentro de nosotros justo bajo la superficie, as\u00ed como nadando en el lejano cosmos.\"<\/em><\/p>\n<p><strong><em>- Fred Dennehy (de su rese\u00f1a de Fine Matter)<\/em><\/strong><\/p><\/blockquote>\n<p style=\"padding-left: 40px;\">Adem\u00e1s, como ya se ha mencionado, tuvimos otro <strong>Noche de poes\u00eda<\/strong> en la reuni\u00f3n de la Secci\u00f3n del 18 de septiembre. <strong><a href=\"https:\/\/1drv.ms\/u\/s!Ak8vVgGvtSV_gR0O8b31i-Lu4Wyt?e=vFC7Ki\" target=\"_blank\" rel=\"noopener\">Haga clic en esta frase para leer los poemas originales de los poetas.<\/a><\/strong><\/p>\n<p><span style=\"font-size: 12pt;\"><strong>Reuni\u00f3n norteamericana de la Secci\u00f3n<\/strong><\/span><\/p>\n<p style=\"padding-left: 40px;\">A lo largo de los \u00faltimos a\u00f1os, el colegio de la Secci\u00f3n ha programado algunas conferencias de la Secci\u00f3n de Artes Literarias y Humanidades, pero por diversas razones no han podido celebrarse.<\/p>\n<p style=\"padding-left: 40px;\">Sin embargo, impert\u00e9rrito y siempre optimista, y a pesar de<strong> <a href=\"https:\/\/theliteraryarts.com\/es\/a-letter-mailed-and-emailed-to-section-members\/\" target=\"_blank\" rel=\"noopener\">los cambios recientes en la Secci\u00f3n desde 2019<\/a><\/strong> y la crisis de Covid que sigui\u00f3 con fuerza a los cambios y la reorganizaci\u00f3n de la Secci\u00f3n - los nuevos miembros del colegiado reconstituido han seguido adelante y han podido organizar una reuni\u00f3n Zoom para los amigos y miembros de la Secci\u00f3n Norteamericana - Canad\u00e1 y EE.UU.. Esta reuni\u00f3n tuvo lugar el 19 de septiembre de 2021. Le seguir\u00e1n otros eventos.<\/p>\n<p style=\"padding-left: 40px;\">En esta reuni\u00f3n, celebrada el 19 de septiembre, nos centramos en la Secci\u00f3n -su pasado, presente y futuro- y en el trabajo en curso de la Secci\u00f3n.<\/p>\n<p style=\"padding-left: 40px;\"><strong><a href=\"https:\/\/theliteraryarts.com\/es\/history-literary-arts\/\" target=\"_blank\" rel=\"noopener\">Para conocer la historia de la Secci\u00f3n en Norteam\u00e9rica, haga clic en esta frase<\/a>.<\/strong><\/p>\n<div class=\"mceTemp\">\n<p><img loading=\"lazy\" decoding=\"async\" class=\"wp-image-2928 size-full\" src=\"https:\/\/theliteraryarts.com\/wp-content\/uploads\/2021\/09\/IMG_3608.jpeg\" alt=\"\" width=\"640\" height=\"480\" srcset=\"https:\/\/theliteraryarts.com\/wp-content\/uploads\/2021\/09\/IMG_3608.jpeg 640w, https:\/\/theliteraryarts.com\/wp-content\/uploads\/2021\/09\/IMG_3608-480x360.jpeg 480w\" sizes=\"(min-width: 0px) and (max-width: 480px) 480px, (min-width: 481px) 640px, 100vw\" \/><\/p>\n<p><span style=\"font-size: 12pt;\"><strong>Re: Volviendo al paisaje<\/strong><\/span><\/p>\n<p style=\"padding-left: 40px;\">Este oto\u00f1o iniciar\u00e9 el tema \"Poetas y paisajes\" en nuestra Secci\u00f3n. Ser\u00e1 una exploraci\u00f3n en v\u00eddeo de lo que D.H. Lawrence llam\u00f3 \"el esp\u00edritu del lugar\", tambi\u00e9n conocido como \"alma\" de un paisaje o \"genius loci\". Lawrence utiliz\u00f3 esta frase como t\u00edtulo del Cap\u00edtulo Uno de su excelente y divertida introducci\u00f3n a la Literatura Americana, <em>Estudios de literatura cl\u00e1sica estadounidense<\/em>.<\/p>\n<p style=\"padding-left: 40px;\">\u00bfC\u00f3mo influyen en la literatura un paisaje concreto y los esp\u00edritus elementales que residen en \u00e9l? \u00bfC\u00f3mo trabajamos creativamente con esas inspiraciones? \u00bfC\u00f3mo lo han hecho los poetas continuamente como pr\u00e1ctica espiritual a lo largo de la historia de la literatura?<\/p>\n<p style=\"padding-left: 40px;\">Cuando ense\u00f1aba en la universidad, con demasiada frecuencia los estudiantes ven\u00edan con la idea de que la literatura y la poes\u00eda eran experiencias mentales incorp\u00f3reas. De hecho, muchos de ellos se resist\u00edan a los cursos de literatura o humanidades porque pensaban que esos cursos eran: poco pr\u00e1cticos, irrelevantes, juegos mentales sarc\u00e1sticos de intelectuales mandarines, sin relevancia para la vida tal y como se vive y los problemas que nos acucian como seres encarnados en un mundo capitalista. Peor a\u00fan: \u00a1algunos de los estudiantes pensaban que estaba bien que la literatura siguiera siendo incorp\u00f3rea! Y prefer\u00edan tener esquemas e \"interpretaciones correctas\" que resolvieran todos los problemas de un texto y les dieran un sobresaliente. Estaban \u00e1vidos de \"sobresalientes\".<\/p>\n<p style=\"padding-left: 40px;\">Pero <strong>los poetas son inquietos y an\u00e1rquicos<\/strong> - \u00a1y tambi\u00e9n novelistas! Caramba, Sam Coleridge no pens\u00f3 en ponerse un par de brogues desgastados y caminar kil\u00f3metros en la noche por las colinas de Lake Country para hacer sonar la puerta de Dove Cottage y despertar a Bill y Dottie. Y me imagino que pocos de nosotros podr\u00edamos seguir el ritmo de Dickens en sus paseos nocturnos por Londres.<\/p>\n<blockquote><p><em>\"Siempre me dan pena las mujeres a las que no les gusta caminar; se pierden tantas cosas, tantos peque\u00f1os y raros atisbos de vida\".<\/em><br \/>\n<strong><em>- Kate Chopin<\/em><\/strong><\/p><\/blockquote>\n<p style=\"padding-left: 40px;\">Por el momento, dadas las circunstancias que se dan en 2021, concibo esta iniciativa de \"Poetas y Paisajes\" para que comience como un proyecto de v\u00eddeo. Suena a ox\u00edmoron, \u00bfeh? Bueno, mant\u00e9n un ojo meteorol\u00f3gico en la cola de ese buey y mira este espacio para actualizaciones continuas y materiales a medida que entramos en San Miguel y avanzamos hacia nuestras espirales de Adviento.<\/p>\n<div id=\"attachment_2928\" style=\"width: 650px\" class=\"wp-caption alignnone\"><img loading=\"lazy\" decoding=\"async\" aria-describedby=\"caption-attachment-2928\" class=\"wp-image-2929 size-full\" src=\"https:\/\/theliteraryarts.com\/wp-content\/uploads\/2021\/09\/Dove_Cottage_circa_1920.jpeg\" alt=\"\" width=\"640\" height=\"362\" srcset=\"https:\/\/theliteraryarts.com\/wp-content\/uploads\/2021\/09\/Dove_Cottage_circa_1920.jpeg 640w, https:\/\/theliteraryarts.com\/wp-content\/uploads\/2021\/09\/Dove_Cottage_circa_1920-480x272.jpeg 480w\" sizes=\"(min-width: 0px) and (max-width: 480px) 480px, (min-width: 481px) 640px, 100vw\" \/><p id=\"caption-attachment-2928\" class=\"wp-caption-text\">Dove Cottage, hacia 1920<\/p><\/div>\n<p style=\"text-align: center;\"><span style=\"font-size: 14pt;\"><strong>\"\u00bfQu\u00e9 significan el karma y la historia de la Sociedad Antropos\u00f3fica para el siglo XXI?\".<\/strong><\/span><\/p>\n<p>En oto\u00f1o de 2001, de San Miguel a Adviento, dirig\u00ed un seminario de doce semanas en Fair Oaks con este t\u00edtulo. Fue patrocinado por James Ulness. El seminario cont\u00f3 con dieciocho participantes. Nos reunimos cada semana durante doce semanas durante dos o tres horas. El curso se desarroll\u00f3 a la manera de un seminario de posgrado. El prop\u00f3sito de este seminario era arrojar luz y comprensi\u00f3n sobre los acontecimientos que rodearon la expulsi\u00f3n de Ita Wegman y Elisabeth Vreede y muchos otros (incluido Owen Barfield, por cierto... da\u00f1os colaterales) y la escisi\u00f3n de la Sociedad que sigui\u00f3 a esta expulsi\u00f3n. El seminario de 2001 estaba programado para el cambio de siglo. Utilic\u00e9 muchos textos que entonces s\u00f3lo estaban disponibles en alem\u00e1n. Algunos de estos textos est\u00e1n ahora disponibles en ingl\u00e9s, pero en aquel momento no lo estaban. El seminario se celebr\u00f3 como acto de la Secci\u00f3n de Artes Literarias y Humanidades y se inform\u00f3 de \u00e9l en el bolet\u00edn de la Secci\u00f3n. Yo acababa de incorporarme al colegio de la Secci\u00f3n.<\/p>\n<p>En las \u00faltimas d\u00e9cadas del siglo XX, cuando mi mujer y yo empezamos a investigar los acontecimientos de los a\u00f1os treinta en la Sociedad, era casi imposible obtener informaci\u00f3n clara sobre ellos. Las personas se mostraban muy reacias a hablar con concreci\u00f3n, o simplemente ignoraban que hubiera ocurrido algo, o fing\u00edan ignorancia, o se mostraban indiferentes o incluso contrarias a la conversaci\u00f3n sobre la \"desagradable\" \u00e9poca. Para construir el seminario, trabaj\u00e9 intensamente con textos alemanes dif\u00edciles de conseguir y entrevist\u00e9 a personas que ten\u00edan conocimiento de aquellos sucesos de los a\u00f1os treinta.<\/p>\n<p>Lo menciono en este resumen de la reuni\u00f3n porque tengo la sensaci\u00f3n, por los acontecimientos recientes -por ejemplo, la presentaci\u00f3n en Zoom de <strong>C\u00edrculos para una renovaci\u00f3n de la cultura<\/strong> - que tal vez haya llegado el momento de reactivar esta l\u00ednea de investigaci\u00f3n literaria. De ser as\u00ed, supondr\u00e1 un paso m\u00e1s en la evoluci\u00f3n y maduraci\u00f3n de las reuniones de nuestra Secci\u00f3n. Los materiales del seminario de 2001 siguen existiendo y podr\u00edan completarse mucho m\u00e1s f\u00e1cilmente en el momento actual, en 2021, veinte a\u00f1os despu\u00e9s del seminario original de Michaelmas en Fair Oaks.<\/p>\n<p>Personalmente, por si sirve de algo, siempre he pensado que este tema pertenece al \u00e1mbito de nuestra Secci\u00f3n. Por supuesto, Albert Steffen estuvo \u00edntimamente implicado en los acontecimientos que tuvieron lugar tras la muerte de Rudolf Steiner. Pero, lo que es m\u00e1s importante, las metodolog\u00edas de investigaci\u00f3n literario-espiritual y de indagaci\u00f3n cr\u00edtica basada en textos que ponemos sobre la mesa como estudiantes de literatura y humanidades son metodolog\u00edas necesarias para dicha investigaci\u00f3n, podr\u00edan argumentar algunos.<\/p>\n<p>________<\/p>\n<p><em>\"Esta es la excelente fopper\u00eda del mundo, que cuando estamos enfermos de fortuna, a menudo los surfeits de nuestro propio comportamiento, hacemos culpables de nuestros desastres el sol, la luna y las estrellas; como si fu\u00e9ramos villanos en la necesidad; tontos por compulsi\u00f3n celestial; bribones, ladrones y traidores por predominio esf\u00e9rico; borrachos, mentirosos y ad\u00falteros por una obediencia forzada de la influencia planetaria; y todo lo que somos malos en, por un empuje divino en.\"<\/em><br \/>\n<strong><em>- Wm. Shakespeare, Rey Lear, Acto 1, Escena 2<\/em><\/strong><\/p>\n<p><em>\"Ni un \u00e1pice. Desafiamos los augurios. Hay una providencia especial en la ca\u00edda de un gorri\u00f3n. Si es ahora, no ha de venir. Si no ha de venir, ser\u00e1 ahora. Si no es ahora, vendr\u00e1. La prontitud lo es todo. Puesto que nadie sabe lo que deja, \u00bfqu\u00e9 hay que dejar a tiempo? D\u00e9jalo estar\".<\/em><br \/>\n<strong><em>- Wm. Shakespeare, Hamlet, Acto 5, Escena 2<\/em><\/strong><\/p>\n<p><em>\"Tan pronto como la belleza es conocida por el mundo como bella, se convierte en fea.<\/em><br \/>\n<em>Tan pronto como la virtud se conoce como algo bueno, se convierte en algo malo.<\/em><br \/>\n<em>Por lo tanto, el ser y el no-ser se engendran mutuamente.<\/em><br \/>\n<em>Lo dif\u00edcil y lo f\u00e1cil se complementan. . .<\/em><br \/>\n<em>Al darse cuenta de esto, el sabio act\u00faa sin esfuerzo seg\u00fan la V\u00eda natural. . .\"<\/em><br \/>\n<strong><em>- Lao Tzu, Tao Te Ching<\/em><\/strong><\/p>\n<p>&nbsp;<\/p>\n<p>&nbsp;<\/p>\n<p>&nbsp;<\/p>\n<\/div>\n<\/div>","protected":false},"excerpt":{"rendered":"<p>\u201cFor California is a Poem!\u201d Words by Ina Coolbrith. Photo by Bruce Donehower Here is a summary of recent events and a look ahead to autumn, the \u201cseason of mists and mellow fruitfulness.&#8221; A Section for the Literary Arts and Humanities meeting of the local group in Fair Oaks, CA occurred on September 18, 2021 [&hellip;]<\/p>\n","protected":false},"author":2,"featured_media":2175,"comment_status":"closed","ping_status":"closed","sticky":false,"template":"","format":"standard","meta":{"_et_pb_use_builder":"","_et_pb_old_content":"","_et_gb_content_width":"","footnotes":""},"categories":[12],"tags":[],"class_list":["post-2924","post","type-post","status-publish","format-standard","has-post-thumbnail","hentry","category-meeting-summaries"],"_links":{"self":[{"href":"https:\/\/theliteraryarts.com\/es\/wp-json\/wp\/v2\/posts\/2924","targetHints":{"allow":["GET"]}}],"collection":[{"href":"https:\/\/theliteraryarts.com\/es\/wp-json\/wp\/v2\/posts"}],"about":[{"href":"https:\/\/theliteraryarts.com\/es\/wp-json\/wp\/v2\/types\/post"}],"author":[{"embeddable":true,"href":"https:\/\/theliteraryarts.com\/es\/wp-json\/wp\/v2\/users\/2"}],"replies":[{"embeddable":true,"href":"https:\/\/theliteraryarts.com\/es\/wp-json\/wp\/v2\/comments?post=2924"}],"version-history":[{"count":5,"href":"https:\/\/theliteraryarts.com\/es\/wp-json\/wp\/v2\/posts\/2924\/revisions"}],"predecessor-version":[{"id":2942,"href":"https:\/\/theliteraryarts.com\/es\/wp-json\/wp\/v2\/posts\/2924\/revisions\/2942"}],"wp:featuredmedia":[{"embeddable":true,"href":"https:\/\/theliteraryarts.com\/es\/wp-json\/wp\/v2\/media\/2175"}],"wp:attachment":[{"href":"https:\/\/theliteraryarts.com\/es\/wp-json\/wp\/v2\/media?parent=2924"}],"wp:term":[{"taxonomy":"category","embeddable":true,"href":"https:\/\/theliteraryarts.com\/es\/wp-json\/wp\/v2\/categories?post=2924"},{"taxonomy":"post_tag","embeddable":true,"href":"https:\/\/theliteraryarts.com\/es\/wp-json\/wp\/v2\/tags?post=2924"}],"curies":[{"name":"wp","href":"https:\/\/api.w.org\/{rel}","templated":true}]}}