{"id":3455,"date":"2026-03-29T18:33:12","date_gmt":"2026-03-30T01:33:12","guid":{"rendered":"https:\/\/theliteraryarts.com\/?p=3455"},"modified":"2026-03-31T08:38:28","modified_gmt":"2026-03-31T15:38:28","slug":"grace-the-mystery-of-being-human-introduction-to-heinrich-von-kleist","status":"publish","type":"post","link":"https:\/\/theliteraryarts.com\/es\/grace-the-mystery-of-being-human-introduction-to-heinrich-von-kleist\/","title":{"rendered":"Grace y las bellas ciencias"},"content":{"rendered":"<p style=\"text-align: right;\"><span style=\"color: #0000ff;\"><strong>La Luna del Grial en la Pascua de 2026<\/strong><\/span><\/p>\n<p>&nbsp;<\/p>\n<blockquote><p><strong>Luna del Grial<\/strong><\/p>\n<p>&nbsp;<\/p>\n<p><strong>El oscuro anfitri\u00f3n duerme en la cuna de la luna.<\/strong><br \/>\n<strong>Presagio de lo que est\u00e1 por venir, la visi\u00f3n<\/strong><br \/>\n<strong>alivia los ojos inquietos, cansados de la noche<\/strong><br \/>\n<strong>que no terminar\u00e1. Por la ma\u00f1ana o al mediod\u00eda<\/strong><\/p>\n<p>&nbsp;<\/p>\n<p><strong>no cambia mucho las cosas: la mente se da cuenta enseguida<\/strong><br \/>\n<strong>la visi\u00f3n se desvanecer\u00e1 por completo. La luz<\/strong><br \/>\n<strong>el mundo es una vela que pierde la batalla<\/strong><br \/>\n<strong>a pesar del fuerte viento. Sin embargo <em>esto<\/em> El cielo nos revela una bendici\u00f3n<\/strong><\/p>\n<p>&nbsp;<\/p>\n<p><strong>escondida entre nosotros: una copa de plata<\/strong><br \/>\n<strong>llevando un sol que conoce la oscuridad como propia<\/strong><br \/>\n<strong>el verdadero color. Un barco sin vela<\/strong><\/p>\n<p>&nbsp;<\/p>\n<p><strong>sol\u00eda ser sin\u00f3nimo de problemas, pero ha habido una ruptura-<\/strong><br \/>\n<strong>una figura en el lienzo de la creaci\u00f3n. El tiempo ha tejido<\/strong><br \/>\n<strong>un nuevo atuendo divino: un coraz\u00f3n que no fallar\u00e1.<\/strong><\/p>\n<p>&nbsp;<\/p>\n<p>&nbsp;<\/p>\n<p><strong>\u2014 Daniel Polikoff<\/strong><\/p>\n<p>&nbsp;<\/p>\n<p><strong>(Escrito por Daniel tras nuestra reuni\u00f3n de secci\u00f3n del 21 de marzo de 2026, inspirado en parte, seg\u00fan dijo Daniel, <a href=\"http:\/\/petrarch-an-introduction\" target=\"_blank\" rel=\"noopener\">en la reuni\u00f3n de la secci\u00f3n celebrada el 21 de febrero de 2026, en la que conocimos a Petrarca<\/a>. \u00a0<\/strong><strong>Esta luna del Grial brillaba sobre California la tarde del 21 de marzo. Roger la coment\u00f3. Daniel le dedic\u00f3 un poema. Yo le tom\u00e9 una foto. \u00bfQui\u00e9n m\u00e1s la vio? \u00bfLes trajo la Gracia?)<\/strong><\/p><\/blockquote>\n<p>&nbsp;<\/p>\n<h2 style=\"text-align: center;\"><strong><span style=\"color: #008000;\">\u00bfQu\u00e9 es este misterio de gracia y belleza?<\/span><\/strong><\/h2>\n<p>&nbsp;<\/p>\n<blockquote><p><strong><em>\"La gracia es la belleza de la forma bajo la influencia de la libertad\".<\/em><\/strong><\/p>\n<p>&nbsp;<\/p>\n<p><strong><em>- Friedrich Schiller, del ensayo Gracia y dignidad (1793)<\/em><\/strong><\/p>\n<p>&nbsp;<\/p><\/blockquote>\n<p>&nbsp;<\/p>\n<p>Esta famosa cita de <strong>Friedrich Schiller<\/strong> tiene una gran relevancia para nuestra Secci\u00f3n y sus inquietudes. Las palabras salen con gran facilidad de la boca... parecen tan familiares que rara vez nos detenemos a reflexionar sobre su significado m\u00e1s profundo.<\/p>\n<p><strong>Menciono esto porque el trabajo de nuestra Secci\u00f3n en 2026 se ha centrado en la gracia y la belleza<\/strong>. Estamos utilizando <strong><a href=\"https:\/\/rsarchive.org\/Lectures\/GA292\/\" target=\"_blank\" rel=\"noopener\">Las conferencias sobre historia del arte de Rudolf Steiner (GA 292),<\/a><\/strong> y estamos haciendo referencia a temas y asuntos que se trataron hace varios a\u00f1os, por ejemplo, en una reuni\u00f3n celebrada el 19 de febrero de 2022, cuando Marion nos present\u00f3 a uno de sus parientes lejanos, <strong>Heinrich von Kleist.\u00a0<\/strong><\/p>\n<p><strong>Heinrich von Kleist (1773-1811)<\/strong> es un autor que a\u00fan no ha participado en las conversaciones de nuestras reuniones de secci\u00f3n. Quiz\u00e1s en el futuro podamos dedicarle m\u00e1s tiempo. Kleist lleg\u00f3 anoche a trav\u00e9s de su famoso ensayo breve <em><strong>Sobre el teatro de marionetas<\/strong><\/em>. Marion resumi\u00f3 el ensayo y nos condujo a un debate.<\/p>\n<p>&nbsp;<\/p>\n<p><strong>Aqu\u00ed tienes una grabaci\u00f3n de audio de \u00abSobre el teatro de marionetas\u00bb.<\/strong><\/p>\n<audio class=\"wp-audio-shortcode\" id=\"audio-3455-1\" preload=\"none\" style=\"width: 100%;\" controls=\"controls\"><source type=\"audio\/mpeg\" src=\"https:\/\/theliteraryarts.com\/wp-content\/uploads\/2022\/02\/On-the-Marionette-Theater-by-Kleist.mp3?_=1\" \/><a href=\"https:\/\/theliteraryarts.com\/wp-content\/uploads\/2022\/02\/On-the-Marionette-Theater-by-Kleist.mp3\">https:\/\/theliteraryarts.com\/wp-content\/uploads\/2022\/02\/On-the-Marionette-Theater-by-Kleist.mp3<\/a><\/audio>\n<p><strong><a href=\"https:\/\/theliteraryarts.com\/wp-content\/uploads\/2022\/02\/On-the-Marionette-Theatre-by-Heinrich-von-Kleist.pdf\" target=\"_blank\" rel=\"noopener\">Aqu\u00ed tienes un enlace a un PDF de ese cuento de Kleist.<\/a><\/strong><\/p>\n<p>&nbsp;<\/p>\n<p><strong>\u00bfT\u00edteres y cuentos de hadas?<\/strong><\/p>\n<p>Marion coordina nuestra comunidad local <strong><a href=\"https:\/\/theliteraryarts.com\/es\/preparing-for-carnival-in-the-secret-garden-report-from-the-fairy-tale-group\/\" target=\"_blank\" rel=\"noopener\">Grupo \u00abCuentos de hadas\u00bb inspirado en la secci\u00f3n <\/a><\/strong>que en los \u00faltimos a\u00f1os se ha involucrado en <strong><a href=\"https:\/\/theliteraryarts.com\/es\/preparing-for-carnival-in-the-secret-garden-report-from-the-fairy-tale-group\/\" target=\"_blank\" rel=\"noopener\">marionetas<\/a><\/strong> y <strong><a href=\"https:\/\/theliteraryarts.com\/es\/atlantis-by-novalis\/\" target=\"_blank\" rel=\"noopener\">Grabaciones del cuento de hadas de Novalis.<\/a><\/strong> Esta actividad de creaci\u00f3n de marionetas ha abarcado varias disciplinas art\u00edsticas: la m\u00fasica y el teatro, la escultura y las artes visuales y, por supuesto, la escritura creativa. Kleist fue un dramaturgo, y las presentaciones de nuestras \u00faltimas reuniones, como <strong><a href=\"https:\/\/theliteraryarts.com\/es\/the-actors-process-by-fred-dennehy\/\" target=\"_blank\" rel=\"noopener\">Fred Dennehy en \"El proceso del actor\"<\/a><\/strong> han vuelto a poner de actualidad el teatro en nuestra Secci\u00f3n.<\/p>\n<div id=\"attachment_3461\" style=\"width: 447px\" class=\"wp-caption alignnone\"><img loading=\"lazy\" decoding=\"async\" aria-describedby=\"caption-attachment-3461\" class=\"size-full wp-image-3461\" src=\"https:\/\/theliteraryarts.com\/wp-content\/uploads\/2022\/02\/child-with-a-puppet.jpgLarge.jpg\" alt=\"&quot;Child with a Puppet&quot; by Henri Rousseau, 1903\" width=\"437\" height=\"600\" srcset=\"https:\/\/theliteraryarts.com\/wp-content\/uploads\/2022\/02\/child-with-a-puppet.jpgLarge.jpg 437w, https:\/\/theliteraryarts.com\/wp-content\/uploads\/2022\/02\/child-with-a-puppet.jpgLarge-219x300.jpg 219w, https:\/\/theliteraryarts.com\/wp-content\/uploads\/2022\/02\/child-with-a-puppet.jpgLarge-9x12.jpg 9w\" sizes=\"(max-width: 437px) 100vw, 437px\" \/><p id=\"caption-attachment-3461\" class=\"wp-caption-text\"><strong>\"Ni\u00f1o con marioneta\" de Henri Rousseau, 1903<\/strong><\/p><\/div>\n<p>&nbsp;<\/p>\n<p>&nbsp;<\/p>\n<p><strong>El gesto de la belleza<\/strong><\/p>\n<p>El peque\u00f1o ensayo de Kleist <strong><a href=\"https:\/\/theliteraryarts.com\/wp-content\/uploads\/2022\/02\/On-the-Marionette-Theater-by-Kleist.mp3\" target=\"_blank\" rel=\"noopener\"><em>Sobre el teatro de marionetas<\/em><\/a><\/strong> ha recibido mucha atenci\u00f3n por lo que tiene que decir a los practicantes de las artes del movimiento. Entre ellos se cuentan euritmistas, artistas marciales y bailarines, entre otros. Como Marion explic\u00f3 anoche, ella fue la primera en apreciar el ensayo de Kleist <em>Sobre el teatro de marionetas<\/em> por las ideas que pod\u00eda aplicar al tai chi y al aikido. En un famoso pasaje del ensayo, Kleist cuenta la historia de un oso cautivo que, sin embargo, demostraba una asombrosa habilidad para esquivar a su oponente sin esfuerzo alguno. El oso, como un refinado espadach\u00edn zen o un practicante chino de Tai Chi, exhibi\u00f3 un dominio del movimiento que un humano torpe y cohibido podr\u00eda alcanzar (\u00a1quiz\u00e1s!) solo despu\u00e9s de d\u00e9cadas de pr\u00e1ctica dedicada en un dojo. Y, cuando un humano torpe y cohibido alcanza esos momentos de \u201cmaestr\u00eda\u201d tras esas largas d\u00e9cadas de pr\u00e1ctica en una disciplina elegida, esos momentos a menudo se sienten m\u00e1s como Gracia que como logros de un ego que se esfuerza. \u00bfNo es as\u00ed?<\/p>\n<p>&nbsp;<\/p>\n<p>&nbsp;<\/p>\n<p><strong>\u00bfQu\u00e9 es este misterio de la gracia?\u00a0<\/strong><\/p>\n<blockquote><p><em><strong>\". La seriedad absoluta del oso me rob\u00f3 la compostura. Empujones y fintas se suced\u00edan, el sudor me corr\u00eda a chorros, pero en vano. No s\u00f3lo rechazaba mis estocadas como el mejor esgrimista del mundo, sino que cuando yo hac\u00eda una finta para enga\u00f1arle, \u00e9l no hac\u00eda ning\u00fan movimiento. Ning\u00fan esgrimista humano pod\u00eda igualar su percepci\u00f3n en este aspecto. Se manten\u00eda erguido, con la pata levantada lista para la batalla, su mirada fija en la m\u00eda como si all\u00ed pudiera leer mi alma, y cuando mis estocadas no iban en serio no se mov\u00eda\".<\/strong><\/em><\/p>\n<p>&nbsp;<\/p>\n<p><em><strong>- Heinrich Von Kleist, de Sobre el teatro de marionetas<\/strong><\/em><\/p><\/blockquote>\n<p>&nbsp;<\/p>\n<p>&nbsp;<\/p>\n<p><strong>Una elegante lemniscata de Occidente y Oriente<\/strong><\/p>\n<p>Marion ley\u00f3 m\u00e1s de una vez la famosa conclusi\u00f3n del ensayo de Kleist, ya que es aqu\u00ed, en la conclusi\u00f3n, donde Kleist revela su tema: <strong>el misterio de la Gracia. <\/strong>Y nos remiti\u00f3 a otro libro: <strong>Eugen Herrigel <em>Zen en el arte del tiro con arco<\/em><\/strong>. En su an\u00e1lisis de este peque\u00f1o cl\u00e1sico, llam\u00f3 nuestra atenci\u00f3n sobre las similitudes entre la tradici\u00f3n budista zen, representada en el libro de Herrigel, y los temas que encontramos en el ensayo de Kleist.<\/p>\n<blockquote><p><em><strong>\"Ahora, mi excelente amigo\", dijo mi compa\u00f1ero, \"est\u00e1s en posesi\u00f3n de todo lo que necesitas para seguir mi argumento. Vemos que en el mundo org\u00e1nico, a medida que el pensamiento se hace m\u00e1s tenue y d\u00e9bil, la gracia surge m\u00e1s brillante y decisiva. Pero al igual que una secci\u00f3n trazada a trav\u00e9s de dos l\u00edneas reaparece de repente en el otro lado despu\u00e9s de atravesar el infinito, o como la imagen en un espejo c\u00f3ncavo vuelve a aparecer justo delante de nosotros despu\u00e9s de menguar en la distancia, as\u00ed la gracia misma regresa cuando el conocimiento ha atravesado como un infinito. La gracia aparece m\u00e1s puramente en la forma humana que no tiene conciencia o que tiene una conciencia infinita. Es decir, en la marioneta o en el dios\".<\/strong><\/em><\/p>\n<p>&nbsp;<\/p>\n<p><em><strong>- Heinrich Von Kleist, de Sobre el teatro de marionetas<\/strong><\/em><\/p><\/blockquote>\n<blockquote><p><em><strong>\"Debes sujetar la cuerda del arco tensada\", respondi\u00f3 el Maestro, \"como un ni\u00f1o peque\u00f1o sujeta el dedo que se le ofrece. Lo agarra con tanta firmeza que uno se maravilla de la fuerza de su peque\u00f1o pu\u00f1o. Y cuando suelta el dedo, no hay la menor sacudida. \u00bfSaben por qu\u00e9? Porque un ni\u00f1o no piensa: \"Ahora suelto el dedo para agarrar esta otra cosa\". De forma totalmente inconsciente, sin propon\u00e9rselo, pasa de una cosa a otra, y dir\u00edamos que est\u00e1 jugando con las cosas, si no fuera igualmente cierto que las cosas est\u00e1n jugando con el ni\u00f1o.\"<\/strong><\/em><\/p>\n<p>&nbsp;<\/p>\n<p><em><strong>-<\/strong> <strong>Eugen Herrigel, de Zen en el arte del tiro con arco<\/strong><\/em><\/p><\/blockquote>\n<p>&nbsp;<\/p>\n<p>&nbsp;<\/p>\n<p><strong>\u00bfQu\u00e9 significa Grace para las artes literarias y las humanidades?<\/strong><\/p>\n<p>Podr\u00eda decirse que la gracia es el tema dominante del ensayo de Kleist. Podemos decir que una persona se mueve con gracia y exhibe belleza con respecto a la levedad y la gravedad. O podemos decir, utilizando ret\u00f3rica teol\u00f3gica, que un ser humano vive m\u00e1s aut\u00e9nticamente por el poder de la Gracia.  Pero, en un ambiente y un contexto humanistas m\u00e1s seculares, podr\u00edamos decir que <strong>La gracia es la condici\u00f3n de la cualidad de ser humano que hace posible la aut\u00e9ntica poes\u00eda<\/strong>. Y recuerda que para Novalis y los rom\u00e1nticos que comparten su visi\u00f3n, el Poeta no es s\u00f3lo un rimador f\u00e1cil o uno que hila cuentos graciosos; es el ser humano espiritualmente aut\u00e9ntico y despierto, libre y \u00e9tico.<\/p>\n<p>&nbsp;<\/p>\n<div id=\"attachment_6914\" style=\"width: 235px\" class=\"wp-caption aligncenter\"><img loading=\"lazy\" decoding=\"async\" aria-describedby=\"caption-attachment-6914\" class=\"wp-image-6914 size-medium\" src=\"https:\/\/theliteraryarts.com\/wp-content\/uploads\/2024\/07\/IMG_4865-225x300.jpeg\" alt=\"\" width=\"225\" height=\"300\" \/><p id=\"caption-attachment-6914\" class=\"wp-caption-text\"><strong>Yuba<\/strong><\/p><\/div>\n<p>&nbsp;<\/p>\n<p>&nbsp;<\/p>\n<p><strong>El ideal del alma bella<\/strong><\/p>\n<p>En alem\u00e1n, nuestra secci\u00f3n se llama \u00abCiencias bellas\u00bb. Hemos dedicado mucho tiempo a nuestra <strong><a href=\"https:\/\/theliteraryarts.com\/es\/rudolf-steiners-first-address\/\" target=\"_blank\" rel=\"noopener\">encuentros dedicados al debate sobre la belleza y la est\u00e9tica<\/a> <\/strong>(especialmente en el contexto del romanticismo temprano), pero dedicamos mucho menos tiempo, si es que dedicamos alguno, a hablar de la elegancia. \u00bfPero tal vez deber\u00edamos hacerlo? En nuestra Secci\u00f3n de Artes Literarias y Humanidades, \u00bfa qu\u00e9 aspiramos? En los t\u00e9rminos m\u00e1s b\u00e1sicos y simplistas de nuestra pr\u00e1ctica, se podr\u00eda decir que, desde un punto de vista literario, aspiramos a demostrar un estilo elegante. \u201c\u00bfEstilo elegante?\u201d Eso suena rid\u00edculo hoy en d\u00eda, \u00bfno es as\u00ed? Pero, de hecho, este ideal del cultivo de un estilo elegante (la exhibici\u00f3n de un \u201c<strong><a href=\"https:\/\/theliteraryarts.com\/es\/aesthetic-education\/\" target=\"_blank\" rel=\"noopener\">alma bella<\/a><\/strong>\") fue en su d\u00eda una gu\u00eda para el desarrollo del car\u00e1cter en la pedagog\u00eda. \u00bfPor qu\u00e9, por ejemplo, el joven Will Shakespeare era ejercitado todos los d\u00edas en el dojo de la escuela de gram\u00e1tica durante horas y horas en la tediosa pr\u00e1ctica de escribir graciosas imitaciones en lat\u00edn - una disciplina que har\u00eda que la mayor\u00eda de nosotros grit\u00e1ramos de p\u00e1nico a nuestros entrenadores de vida, me atrever\u00eda a decir. Pero, por otro lado, algunos de nosotros pasaremos a\u00f1os y d\u00e9cadas ejercit\u00e1ndonos en tediosas katas o en la barra de ballet o en el teclado del piano, etc. . . . todo por la esperanza de un momento trascendente de Gracia.<\/p>\n<blockquote>\n<p style=\"padding-left: 40px;\"><em>\"<strong>En una cultura global que parece cada vez m\u00e1s obsesionada con el individualismo radical, las representaciones narcisistas del yo y la ret\u00f3rica pol\u00edtica incendiaria, cuesta imaginar que a la sociedad le importara en alg\u00fan momento la belleza del alma. Sin embargo, a finales del siglo XVIII y principios del XIX, en Alemania y en toda Europa, la b\u00fasqueda de un \u2018alma bella\u2019 se convirti\u00f3 en una piedra angular del pensamiento filos\u00f3fico y del discurso popular, impulsada por algunos de los intelectuales m\u00e1s importantes de la \u00e9poca, entre ellos Johann Wolfgang von Goethe, Friedrich Schiller y Wilhelm von Humboldt. Para estos pensadores, la b\u00fasqueda de la perfeccionabilidad interior respond\u00eda a los horrores de la acci\u00f3n colectiva irracional de la Revoluci\u00f3n Francesa, que culmin\u00f3 en el Terror de la d\u00e9cada de 1790. Cre\u00edan que las nociones incipientes de democracia solo podr\u00edan desarrollarse si cada individuo lograba liberarse de lo que Immanuel Kant describi\u00f3 como la \u2018tutela autoimpuesta\u2019 de la inmadurez intelectual, mediante el desarrollo de las facultades cognitivas y emocionales a trav\u00e9s de experiencias est\u00e9ticas.\u201d<\/strong><\/em><\/p>\n<p>&nbsp;<\/p>\n<p style=\"padding-left: 40px;\"><strong><em>- Justine Kolata, Doctora \/ <a href=\"https:\/\/ordinaryphilosophy.com\/2017\/08\/08\/the-revolutionary-figure-of-the-beautiful-self-improved-soul-by-justine-kolata\/\" target=\"_blank\" rel=\"noopener\">Enlace al art\u00edculo<\/a><\/em><\/strong><\/p>\n<\/blockquote>\n<p>&nbsp;<\/p>\n<p>Nuestra discusi\u00f3n se adentr\u00f3 en otros temas importantes del ensayo de Kleist, tales como\u00a0<strong>la paradoja de la entidad transhumana<\/strong> que exhibe m\u00e1s gracia que el ser humano biol\u00f3gico. Recordemos, por un momento,\u00a0<strong><a href=\"https:\/\/theliteraryarts.com\/es\/au-revoir-monsieur-le-monstre\/\" target=\"_blank\" rel=\"noopener\">nuestros anteriores debates sobre la novela de Mary Shelley\u00a0<em>Frankenstein<\/em><\/a><\/strong>. Ir\u00f3nicamente, es el monstruo (la creaci\u00f3n de IA transhumana del Dr. Viktor Frankenstein) quien exhibe gracia moral y belleza intelectual, se podr\u00eda argumentar - todo mientras este \"monstruo\" es perseguido por su parodia ilegal del ser humano y por su \"otredad\". En Kleist, tal monstruo es el t\u00edtere o la marioneta, que en el ejemplo de Kleist exhibe m\u00e1s gracia que la bailarina humana, argumenta el ensayo. Encontramos ejemplos afines de transhumanismo en E.T.A. Hoffmann. Es un tropo rom\u00e1ntico.<\/p>\n<p><img loading=\"lazy\" decoding=\"async\" class=\"alignnone wp-image-3471 size-full\" src=\"https:\/\/theliteraryarts.com\/wp-content\/uploads\/2022\/02\/flowers-white.jpg\" alt=\"\" width=\"1280\" height=\"440\" srcset=\"https:\/\/theliteraryarts.com\/wp-content\/uploads\/2022\/02\/flowers-white.jpg 1280w, https:\/\/theliteraryarts.com\/wp-content\/uploads\/2022\/02\/flowers-white-980x337.jpg 980w, https:\/\/theliteraryarts.com\/wp-content\/uploads\/2022\/02\/flowers-white-480x165.jpg 480w\" sizes=\"(min-width: 0px) and (max-width: 480px) 480px, (min-width: 481px) and (max-width: 980px) 980px, (min-width: 981px) 1280px, 100vw\" \/><\/p>\n<p>&nbsp;<\/p>\n<blockquote><p><em><strong>\"Si la poes\u00eda no llega tan naturalmente como las hojas a un \u00e1rbol, mejor que no llegue\".<\/strong><\/em><\/p>\n<p>&nbsp;<\/p>\n<p><em><strong>- John Keats<\/strong><\/em><\/p><\/blockquote>\n<p>&nbsp;<\/p>\n<blockquote><p><strong><em>Nuestros sue\u00f1os a\u00fan practican las artes sagradas<\/em><\/strong><br \/>\n<strong><em>De cuentos y adivinaci\u00f3n<\/em><\/strong><br \/>\n<strong><em>Cada uno su g\u00e9nero y su drama<\/em><\/strong><br \/>\n<strong><em>El genio del sue\u00f1o revela<\/em><\/strong><br \/>\n<strong><em>Su prop\u00f3sito en im\u00e1genes vivas<\/em><\/strong><br \/>\n<strong><em>Ocultas como estrellas durante el d\u00eda<\/em><\/strong><br \/>\n<strong><em>\u00bfC\u00f3mo podemos dormir sabiendo<\/em><\/strong><br \/>\n<strong><em>Ese mundo m\u00e1gico est\u00e1 ah\u00ed<\/em><\/strong><br \/>\n<strong><em>Asust\u00e1ndonos hasta el coraje<\/em><\/strong><br \/>\n<strong><em>Creer en cuentos de hadas<\/em><\/strong><br \/>\n<strong><em>En el que todos nuestros sue\u00f1os<\/em><\/strong><br \/>\n<strong><em>Se hacen realidad como si<\/em><\/strong><br \/>\n<strong><em>Como marionetas podr\u00edamos<\/em><\/strong><br \/>\n<strong><em>D\u00e9jate llevar por la gracia de los dioses<\/em><\/strong><\/p>\n<p>&nbsp;<\/p>\n<p><strong><em>- \"Dreaming Valentine\" de Peter Rennick<\/em><\/strong><\/p><\/blockquote>\n<p>&nbsp;<\/p>\n<div id=\"attachment_3457\" style=\"width: 450px\" class=\"wp-caption aligncenter\"><img loading=\"lazy\" decoding=\"async\" aria-describedby=\"caption-attachment-3457\" class=\"wp-image-3457 size-full\" src=\"https:\/\/theliteraryarts.com\/wp-content\/uploads\/2022\/02\/440px-Kleist_Heinrich_von.jpg\" alt=\"\" width=\"440\" height=\"545\" srcset=\"https:\/\/theliteraryarts.com\/wp-content\/uploads\/2022\/02\/440px-Kleist_Heinrich_von.jpg 440w, https:\/\/theliteraryarts.com\/wp-content\/uploads\/2022\/02\/440px-Kleist_Heinrich_von-242x300.jpg 242w, https:\/\/theliteraryarts.com\/wp-content\/uploads\/2022\/02\/440px-Kleist_Heinrich_von-10x12.jpg 10w\" sizes=\"(max-width: 440px) 100vw, 440px\" \/><p id=\"caption-attachment-3457\" class=\"wp-caption-text\"><strong>Heinrich von Kleist<\/strong><\/p><\/div>\n<p>&nbsp;<\/p>\n<p>&nbsp;<\/p>\n<p>&nbsp;<\/p>\n<p>&nbsp;<\/p>\n<p>Publicaci\u00f3n original: 21\/2\/22<\/p>\n<p>Revisado\/Actualizado el 30 de marzo de 2026<\/p>\n<p>&nbsp;<\/p>\n<p>&nbsp;<\/p>","protected":false},"excerpt":{"rendered":"<p>Grail Moon at Eastertide 2026 &nbsp; Grail Moon &nbsp; The dark host sleeps in the cradle of the moon. Augury of what is to come, the sight comforts restless eyes grown weary of night that will not end. Morning, or high noon &nbsp; make little difference\u2014the mind knows soon vision will fade utterly. The light [&hellip;]<\/p>\n","protected":false},"author":1,"featured_media":8694,"comment_status":"closed","ping_status":"closed","sticky":false,"template":"","format":"standard","meta":{"_et_pb_use_builder":"","_et_pb_old_content":"","_et_gb_content_width":"","footnotes":""},"categories":[53,12],"tags":[],"class_list":["post-3455","post","type-post","status-publish","format-standard","has-post-thumbnail","hentry","category-featured-topics","category-meeting-summaries"],"_links":{"self":[{"href":"https:\/\/theliteraryarts.com\/es\/wp-json\/wp\/v2\/posts\/3455","targetHints":{"allow":["GET"]}}],"collection":[{"href":"https:\/\/theliteraryarts.com\/es\/wp-json\/wp\/v2\/posts"}],"about":[{"href":"https:\/\/theliteraryarts.com\/es\/wp-json\/wp\/v2\/types\/post"}],"author":[{"embeddable":true,"href":"https:\/\/theliteraryarts.com\/es\/wp-json\/wp\/v2\/users\/1"}],"replies":[{"embeddable":true,"href":"https:\/\/theliteraryarts.com\/es\/wp-json\/wp\/v2\/comments?post=3455"}],"version-history":[{"count":5,"href":"https:\/\/theliteraryarts.com\/es\/wp-json\/wp\/v2\/posts\/3455\/revisions"}],"predecessor-version":[{"id":8713,"href":"https:\/\/theliteraryarts.com\/es\/wp-json\/wp\/v2\/posts\/3455\/revisions\/8713"}],"wp:featuredmedia":[{"embeddable":true,"href":"https:\/\/theliteraryarts.com\/es\/wp-json\/wp\/v2\/media\/8694"}],"wp:attachment":[{"href":"https:\/\/theliteraryarts.com\/es\/wp-json\/wp\/v2\/media?parent=3455"}],"wp:term":[{"taxonomy":"category","embeddable":true,"href":"https:\/\/theliteraryarts.com\/es\/wp-json\/wp\/v2\/categories?post=3455"},{"taxonomy":"post_tag","embeddable":true,"href":"https:\/\/theliteraryarts.com\/es\/wp-json\/wp\/v2\/tags?post=3455"}],"curies":[{"name":"wp","href":"https:\/\/api.w.org\/{rel}","templated":true}]}}