{"id":5879,"date":"2024-08-14T08:00:37","date_gmt":"2024-08-14T15:00:37","guid":{"rendered":"https:\/\/theliteraryarts.com\/?p=5879"},"modified":"2025-07-11T08:34:36","modified_gmt":"2025-07-11T15:34:36","slug":"2024-north-american-section-conference","status":"publish","type":"post","link":"https:\/\/theliteraryarts.com\/es\/2024-north-american-section-conference\/","title":{"rendered":"2024 Conferencia de la Secci\u00f3n Norteamericana"},"content":{"rendered":"<h6 style=\"text-align: right;\"><strong>Anuncio de obra de arte: \"Tamalpais\" de Marion Donehower<\/strong><\/h6>\n<p>&nbsp;<\/p>\n<h2 style=\"text-align: center;\"><strong>\"El genio del lenguaje<\/strong><\/h2>\n<h3 style=\"text-align: center;\"><strong>Conferencia norteamericana<\/strong><\/h3>\n<h3 style=\"text-align: center;\"><strong>de la Secci\u00f3n de Artes Literarias y Humanidades<\/strong><\/h3>\n<h5 style=\"text-align: center;\"><strong>Una celebraci\u00f3n del lenguaje po\u00e9tico y la imaginaci\u00f3n literaria<\/strong><\/h5>\n<p>&nbsp;<\/p>\n<h2 style=\"text-align: center;\"><strong>San Francisco: 7 - 8 de septiembre de 2024 (cerrado)<\/strong><\/h2>\n<h2 style=\"text-align: center;\"><strong>Toronto: 13 - 15 de septiembre de 2024 (abierto)<\/strong><\/h2>\n<h2><\/h2>\n<h1 style=\"text-align: center;\"><a href=\"https:\/\/secure.anthroposophy.org\/np\/clients\/anthroposophy\/eventRegistration.jsp?forwardedFromSecureDomain=1&amp;event=991\" target=\"_blank\" rel=\"noopener\"><span style=\"color: #ff0000;\"><strong>Haga clic aqu\u00ed para inscribirse en Toronto<\/strong><\/span><\/a><\/h1>\n<p>&nbsp;<\/p>\n<p style=\"text-align: center;\"><strong>(Existe una lista de espera para San Francisco. Las personas que sientan una fuerte conexi\u00f3n de destino con la Secci\u00f3n y su trabajo no deben dudar en ponerse en contacto directamente en XXX).<\/strong><\/p>\n<p><a href=\"https:\/\/theliteraryarts.com\/es\/2024-north-american-section-conference\/image-8-3-24-at-3-40-pm\/\" rel=\"attachment wp-att-6984\"><img loading=\"lazy\" decoding=\"async\" class=\"aligncenter size-full wp-image-6984\" src=\"https:\/\/theliteraryarts.com\/wp-content\/uploads\/2024\/08\/Image-8-3-24-at-3.40\u202fPM.jpg\" alt=\"\" width=\"984\" height=\"1428\" srcset=\"https:\/\/theliteraryarts.com\/wp-content\/uploads\/2024\/08\/Image-8-3-24-at-3.40\u202fPM.jpg 984w, https:\/\/theliteraryarts.com\/wp-content\/uploads\/2024\/08\/Image-8-3-24-at-3.40\u202fPM-207x300.jpg 207w, https:\/\/theliteraryarts.com\/wp-content\/uploads\/2024\/08\/Image-8-3-24-at-3.40\u202fPM-706x1024.jpg 706w, https:\/\/theliteraryarts.com\/wp-content\/uploads\/2024\/08\/Image-8-3-24-at-3.40\u202fPM-768x1115.jpg 768w, https:\/\/theliteraryarts.com\/wp-content\/uploads\/2024\/08\/Image-8-3-24-at-3.40\u202fPM-8x12.jpg 8w, https:\/\/theliteraryarts.com\/wp-content\/uploads\/2024\/08\/Image-8-3-24-at-3.40\u202fPM-980x1422.jpg 980w, https:\/\/theliteraryarts.com\/wp-content\/uploads\/2024\/08\/Image-8-3-24-at-3.40\u202fPM-480x697.jpg 480w\" sizes=\"(max-width: 984px) 100vw, 984px\" \/><\/a><\/p>\n<h6 style=\"text-align: center;\"><strong>Despl\u00e1cese hasta el FINAL de esta p\u00e1gina para ver el PROGRAMA DE SAN FRANCISCO<\/strong><\/h6>\n<h1><\/h1>\n<h1 style=\"text-align: center;\"><a href=\"https:\/\/secure.anthroposophy.org\/np\/clients\/anthroposophy\/eventRegistration.jsp?forwardedFromSecureDomain=1&amp;event=991\" target=\"_blank\" rel=\"noopener\"><span style=\"color: #ff0000;\"><strong>Haga clic aqu\u00ed para inscribirse en Toronto<\/strong><\/span><\/a><\/h1>\n<h4><\/h4>\n<h4 style=\"text-align: center;\"><span style=\"color: #ff0000;\"><strong>Coste y log\u00edstica \/ S\u00f3lo campus de Toronto <\/strong><\/span><\/h4>\n<p>&nbsp;<\/p>\n<p><strong>Todos los actos de la conferencia de Toronto tendr\u00e1n lugar en:<\/strong><br \/>\n<strong>Rudolf Steiner College Canad\u00e1 \/ Toronto Waldorf School<\/strong><br \/>\n<strong>9100 Bathurst Street, Thornhill, Ontario. \u00a0<\/strong><strong>Hay aparcamiento. <\/strong><\/p>\n<p><strong>NUEVO PRECIO PARA TORONTO: Coste para el campus de Toronto: $125 US. (La visita informal a la Galer\u00eda del Grupo de los Siete no est\u00e1 incluida en el precio de la entrada. Y probablemente tendr\u00e1 que organizar su propio transporte).<\/strong><\/p>\n<p>&nbsp;<\/p>\n<p style=\"text-align: center;\"><strong>Preguntas frecuentes<\/strong><\/p>\n<p><strong>\"\u00bfPuedo asistir a las dos sedes?\"<\/strong> <strong>\u00bfEstar\u00e1 Christiane Haid presente en ambas?\"<\/strong>\u00a0 \u00a0Christiane Haid asistir\u00e1 y presentar\u00e1 en ambos lugares. Habr\u00e1 tiempo suficiente para reunirse con ella y conversar. Los actos de cada sede tejer\u00e1n un rico tapiz de temas comunes. Cada sede norteamericana a\u00f1adir\u00e1 algo especial que reflejar\u00e1 el genius loci o \"Esp\u00edritu del lugar\" que la preside. Juntas, las dos sedes ofrecer\u00e1n una visi\u00f3n de la riqueza y variedad del trabajo de nuestra Secci\u00f3n Norteamericana al final del primer cuarto del siglo XXI.<\/p>\n<p><strong>\"\u00bfNecesito ser miembro de la Secci\u00f3n?\"<\/strong>\u00a0 \u00a0La Conferencia es para amigos y miembros de la Secci\u00f3n. No es necesario identificarse como \"miembro\" de la Secci\u00f3n. No es necesario el carn\u00e9 azul. Los amigos y miembros pueden asistir a cualquiera de las dos sedes o a ambas.<\/p>\n<p><strong>\"\u00bfD\u00f3nde puedo alojarme en Toronto?\"<\/strong>\u00a0 \u00a0Si est\u00e1 interesado en alojarse en una casa particular, env\u00ede un correo electr\u00f3nico a Robert McKay a XXX e indique los requisitos.<\/p>\n<p><strong>\"\u00bfHay becas? \u00bfPuedo solicitar ayudas para viajar?\"<\/strong>\u00a0 \u00a0Es posible que se disponga de algunos fondos limitados para ayuda al viaje, pero esto depende de las inscripciones y donaciones. P\u00f3ngase en contacto con Robert McKay en XXX<\/p>\n<p><strong>\"\u00bfEst\u00e1n incluidas las comidas en Toronto?\"<\/strong>\u00a0 \u00a0S\u00ed, se incluyen comidas y tentempi\u00e9s vegetarianos en ambas sedes. Toronto <strong>no<\/strong> cena el s\u00e1bado por la noche. No hay entradas disponibles sin comidas. Consulte los detalles de cada lugar para obtener informaci\u00f3n sobre comidas y alojamiento. En cada lugar se proporcionan mesas y sillas para el almuerzo y la cena. Para alergias alimentarias u opciones veganas, p\u00f3ngase en contacto con Robert McKay en XXX<\/p>\n<p><strong>\"\u00bfC\u00f3mo puedo inscribirme en la lista de espera para San Francisco?\". \"\u00bfPuedo entrar en el \u00faltimo momento?\". <\/strong>\u00a0 \u00a0Contacto XXX<\/p>\n<p><strong>\"\u00bfHay reembolsos?\"<\/strong> Como ya se indic\u00f3 en junio, la fecha l\u00edmite para las solicitudes de reembolso era el 15 de julio. Si se inscribi\u00f3 en Toronto con el coste de inscripci\u00f3n m\u00e1s elevado, puede solicitar el reembolso a Robert McKay en XXX o, si lo desea, donar el importe pagado de m\u00e1s a la labor de la Secci\u00f3n.<\/p>\n<h1 style=\"text-align: center;\"><a href=\"https:\/\/secure.anthroposophy.org\/np\/clients\/anthroposophy\/eventRegistration.jsp?forwardedFromSecureDomain=1&amp;event=991\" target=\"_blank\" rel=\"noopener\"><span style=\"color: #ff0000;\"><strong>Haga clic aqu\u00ed para inscribirse en Toronto<\/strong><\/span><\/a><\/h1>\n<p><em><strong>* El t\u00edtulo de la Conferencia de la Secci\u00f3n Norteamericana (\"El genio del lenguaje\")<\/strong> est\u00e1 extra\u00eddo de un ciclo de conferencias de Rudolf Steiner que se impartieron a los maestros de la primera Escuela Waldorf de Stuttgart del 26 de diciembre de 1919 al 3 de enero de 1920. Este ciclo de conferencias aparece en alem\u00e1n como Geisteswissenschaftlische Sprachbetrachtungen (GA 299) y en ingl\u00e9s tiene el t\u00edtulo \"The Genius of Language\" (trad. por Ruth Pusch y Gertrude Teutsch; <a href=\"https:\/\/steinerbooks.presswarehouse.com\/browse\/book\/9780880103862\/The-Genius-of-Language\" target=\"_blank\" rel=\"noopener\">SteinerBooks<\/a>). Aunque la Conferencia har\u00e1 referencia a contenidos y temas de este ciclo de conferencias, no utilizaremos el ciclo como texto principal. <strong>Aunque la ling\u00fc\u00edstica forma parte de las competencias de la Secci\u00f3n, no se trata de un congreso de ling\u00fc\u00edstica, sino de un congreso dedicado al lenguaje po\u00e9tico y a la imaginaci\u00f3n literaria.<\/strong><\/em><\/p>\n<p>&nbsp;<\/p>\n<p style=\"text-align: center;\"><strong>Visita a la Iglesia Swedenborgiana de San Francisco<\/strong><\/p>\n<p><iframe loading=\"lazy\" title=\"En armon\u00eda con la naturaleza\" width=\"1080\" height=\"608\" src=\"https:\/\/www.youtube.com\/embed\/NekQrN_C9iY?feature=oembed\"  allow=\"accelerometer; autoplay; clipboard-write; encrypted-media; gyroscope; picture-in-picture; web-share\" referrerpolicy=\"strict-origin-when-cross-origin\" allowfullscreen><\/iframe><\/p>\n<p>&nbsp;<\/p>\n<p><a href=\"https:\/\/theliteraryarts.com\/es\/2024-section-conference-san-francisco-information\/image-8-13-24-at-10-58-pm\/\" rel=\"attachment wp-att-7035\"><img loading=\"lazy\" decoding=\"async\" class=\"aligncenter size-full wp-image-7035\" src=\"https:\/\/theliteraryarts.com\/wp-content\/uploads\/2024\/08\/Image-8-13-24-at-10.58\u202fPM.jpg\" alt=\"\" width=\"1674\" height=\"1522\" srcset=\"https:\/\/theliteraryarts.com\/wp-content\/uploads\/2024\/08\/Image-8-13-24-at-10.58\u202fPM.jpg 1674w, https:\/\/theliteraryarts.com\/wp-content\/uploads\/2024\/08\/Image-8-13-24-at-10.58\u202fPM-300x273.jpg 300w, https:\/\/theliteraryarts.com\/wp-content\/uploads\/2024\/08\/Image-8-13-24-at-10.58\u202fPM-1024x931.jpg 1024w, https:\/\/theliteraryarts.com\/wp-content\/uploads\/2024\/08\/Image-8-13-24-at-10.58\u202fPM-768x698.jpg 768w, https:\/\/theliteraryarts.com\/wp-content\/uploads\/2024\/08\/Image-8-13-24-at-10.58\u202fPM-1536x1397.jpg 1536w, https:\/\/theliteraryarts.com\/wp-content\/uploads\/2024\/08\/Image-8-13-24-at-10.58\u202fPM-13x12.jpg 13w, https:\/\/theliteraryarts.com\/wp-content\/uploads\/2024\/08\/Image-8-13-24-at-10.58\u202fPM-1080x982.jpg 1080w, https:\/\/theliteraryarts.com\/wp-content\/uploads\/2024\/08\/Image-8-13-24-at-10.58\u202fPM-1280x1164.jpg 1280w, https:\/\/theliteraryarts.com\/wp-content\/uploads\/2024\/08\/Image-8-13-24-at-10.58\u202fPM-980x891.jpg 980w, https:\/\/theliteraryarts.com\/wp-content\/uploads\/2024\/08\/Image-8-13-24-at-10.58\u202fPM-480x436.jpg 480w\" sizes=\"(max-width: 1674px) 100vw, 1674px\" \/><\/a><\/p>\n<p><a href=\"https:\/\/theliteraryarts.com\/es\/2024-section-conference-san-francisco-information\/image-8-13-24-at-11-00-pm\/\" rel=\"attachment wp-att-7034\"><img loading=\"lazy\" decoding=\"async\" class=\"aligncenter size-full wp-image-7034\" src=\"https:\/\/theliteraryarts.com\/wp-content\/uploads\/2024\/08\/Image-8-13-24-at-11.00\u202fPM.jpg\" alt=\"\" width=\"1774\" height=\"1620\" srcset=\"https:\/\/theliteraryarts.com\/wp-content\/uploads\/2024\/08\/Image-8-13-24-at-11.00\u202fPM.jpg 1774w, https:\/\/theliteraryarts.com\/wp-content\/uploads\/2024\/08\/Image-8-13-24-at-11.00\u202fPM-300x274.jpg 300w, https:\/\/theliteraryarts.com\/wp-content\/uploads\/2024\/08\/Image-8-13-24-at-11.00\u202fPM-1024x935.jpg 1024w, https:\/\/theliteraryarts.com\/wp-content\/uploads\/2024\/08\/Image-8-13-24-at-11.00\u202fPM-768x701.jpg 768w, https:\/\/theliteraryarts.com\/wp-content\/uploads\/2024\/08\/Image-8-13-24-at-11.00\u202fPM-1536x1403.jpg 1536w, https:\/\/theliteraryarts.com\/wp-content\/uploads\/2024\/08\/Image-8-13-24-at-11.00\u202fPM-13x12.jpg 13w, https:\/\/theliteraryarts.com\/wp-content\/uploads\/2024\/08\/Image-8-13-24-at-11.00\u202fPM-1080x986.jpg 1080w, https:\/\/theliteraryarts.com\/wp-content\/uploads\/2024\/08\/Image-8-13-24-at-11.00\u202fPM-1280x1169.jpg 1280w, https:\/\/theliteraryarts.com\/wp-content\/uploads\/2024\/08\/Image-8-13-24-at-11.00\u202fPM-980x895.jpg 980w, https:\/\/theliteraryarts.com\/wp-content\/uploads\/2024\/08\/Image-8-13-24-at-11.00\u202fPM-480x438.jpg 480w\" sizes=\"(max-width: 1774px) 100vw, 1774px\" \/><\/a><\/p>\n<p>&nbsp;<\/p>\n<p>&nbsp;<\/p>\n<p>8.1.24<\/p>","protected":false},"excerpt":{"rendered":"<p>Announcement Artwork: &#8220;Tamalpais&#8221; by Marion Donehower &nbsp; &#8220;The Genius of Language&#8221;* A North American Conference of the Section for the Literary Arts &amp; Humanities A Celebration of Poetic Language and the Literary Imagination &nbsp; San Francisco: September 7 &#8211; 8, 2024 (closed) Toronto: September 13 &#8211; 15, 2024 (open) Click Here to Register for Toronto [&hellip;]<\/p>\n","protected":false},"author":1,"featured_media":6569,"comment_status":"closed","ping_status":"closed","sticky":false,"template":"","format":"standard","meta":{"_et_pb_use_builder":"","_et_pb_old_content":"","_et_gb_content_width":"","footnotes":""},"categories":[12,15,52],"tags":[],"class_list":["post-5879","post","type-post","status-publish","format-standard","has-post-thumbnail","hentry","category-meeting-summaries","category-news","category-section-news"],"_links":{"self":[{"href":"https:\/\/theliteraryarts.com\/es\/wp-json\/wp\/v2\/posts\/5879","targetHints":{"allow":["GET"]}}],"collection":[{"href":"https:\/\/theliteraryarts.com\/es\/wp-json\/wp\/v2\/posts"}],"about":[{"href":"https:\/\/theliteraryarts.com\/es\/wp-json\/wp\/v2\/types\/post"}],"author":[{"embeddable":true,"href":"https:\/\/theliteraryarts.com\/es\/wp-json\/wp\/v2\/users\/1"}],"replies":[{"embeddable":true,"href":"https:\/\/theliteraryarts.com\/es\/wp-json\/wp\/v2\/comments?post=5879"}],"version-history":[{"count":5,"href":"https:\/\/theliteraryarts.com\/es\/wp-json\/wp\/v2\/posts\/5879\/revisions"}],"predecessor-version":[{"id":8128,"href":"https:\/\/theliteraryarts.com\/es\/wp-json\/wp\/v2\/posts\/5879\/revisions\/8128"}],"wp:featuredmedia":[{"embeddable":true,"href":"https:\/\/theliteraryarts.com\/es\/wp-json\/wp\/v2\/media\/6569"}],"wp:attachment":[{"href":"https:\/\/theliteraryarts.com\/es\/wp-json\/wp\/v2\/media?parent=5879"}],"wp:term":[{"taxonomy":"category","embeddable":true,"href":"https:\/\/theliteraryarts.com\/es\/wp-json\/wp\/v2\/categories?post=5879"},{"taxonomy":"post_tag","embeddable":true,"href":"https:\/\/theliteraryarts.com\/es\/wp-json\/wp\/v2\/tags?post=5879"}],"curies":[{"name":"wp","href":"https:\/\/api.w.org\/{rel}","templated":true}]}}