{"id":7789,"date":"2025-04-16T19:56:34","date_gmt":"2025-04-17T02:56:34","guid":{"rendered":"https:\/\/theliteraryarts.com\/?p=7789"},"modified":"2025-11-17T21:38:17","modified_gmt":"2025-11-18T05:38:17","slug":"where-are-the-youth-joan-caldarera","status":"publish","type":"post","link":"https:\/\/theliteraryarts.com\/es\/where-are-the-youth-joan-caldarera\/","title":{"rendered":"\"\u00bfD\u00f3nde est\u00e1n los j\u00f3venes?\" \/ Joan Caldarera"},"content":{"rendered":"<p>&nbsp;<\/p>\n<p><strong>Queridos amigos,<\/strong><\/p>\n<p><strong>En nuestra reciente reuni\u00f3n de la Secci\u00f3n, celebrada el 29 de marzo de 2025, la profesora de humanidades del instituto de San Francisco Joan Caldarera comparti\u00f3 ensayos y poemas de sus alumnos surgidos de su trabajo con Ralph Waldo Emerson. La presentaci\u00f3n de Joan en la reuni\u00f3n llevaba por t\u00edtulo \"\u00bfD\u00f3nde est\u00e1n los j\u00f3venes?\".<\/strong><\/p>\n<p><strong>Aqu\u00ed tienes una grabaci\u00f3n.\u00a0<\/strong><\/p>\n<p><strong>Los estudiantes de secundaria de San Francisco se unir\u00e1n a nosotros por la ma\u00f1ana el 11 de mayo en el <a href=\"https:\/\/theliteraryarts.com\/es\/2025-section-conference-san-francisco\/\" target=\"_blank\" rel=\"noopener\">2025 Conferencia de la Secci\u00f3n Norteamericana<\/a>. Por la ma\u00f1ana compartir\u00e1n puntos de vista y dirigir\u00e1n debates en peque\u00f1os grupos. La Conferencia contin\u00faa por la tarde con una mesa redonda sobre el tema: \"\u00bfQui\u00e9n es Rudolf Steiner para nuestro siglo XXI?\".\u00a0<\/strong><\/p>\n<p><strong>Se trata de una Conferencia abierta. Las personas pueden elegir asistir a cualquier parte de la conferencia o del d\u00eda que les interese. Se aceptar\u00e1n donativos en la puerta.\u00a0<\/strong><\/p>\n<p><iframe loading=\"lazy\" title=\"&quot;\u00bfD\u00f3nde est\u00e1n los j\u00f3venes?&quot; \/ Joan Caldarera\" src=\"https:\/\/player.vimeo.com\/video\/1076192777?dnt=1&amp;app_id=122963\" width=\"1080\" height=\"608\" frameborder=\"0\" allow=\"autoplay; fullscreen; picture-in-picture; clipboard-write; encrypted-media\"><\/iframe><\/p>\n<p>&nbsp;<\/p>\n<p><a href=\"https:\/\/theliteraryarts.com\/es\/2025-section-conference-san-francisco\/image-3-9-25-at-9-22-am\/\" rel=\"attachment wp-att-7700\"><img loading=\"lazy\" decoding=\"async\" class=\"aligncenter size-large wp-image-7700\" src=\"https:\/\/theliteraryarts.com\/wp-content\/uploads\/2025\/03\/Image-3-9-25-at-9.22\u202fAM-1024x655.jpg\" alt=\"\" width=\"1024\" height=\"655\" srcset=\"https:\/\/theliteraryarts.com\/wp-content\/uploads\/2025\/03\/Image-3-9-25-at-9.22\u202fAM-1024x655.jpg 1024w, https:\/\/theliteraryarts.com\/wp-content\/uploads\/2025\/03\/Image-3-9-25-at-9.22\u202fAM-300x192.jpg 300w, https:\/\/theliteraryarts.com\/wp-content\/uploads\/2025\/03\/Image-3-9-25-at-9.22\u202fAM-768x491.jpg 768w, https:\/\/theliteraryarts.com\/wp-content\/uploads\/2025\/03\/Image-3-9-25-at-9.22\u202fAM-1536x982.jpg 1536w, https:\/\/theliteraryarts.com\/wp-content\/uploads\/2025\/03\/Image-3-9-25-at-9.22\u202fAM-18x12.jpg 18w, https:\/\/theliteraryarts.com\/wp-content\/uploads\/2025\/03\/Image-3-9-25-at-9.22\u202fAM-1080x691.jpg 1080w, https:\/\/theliteraryarts.com\/wp-content\/uploads\/2025\/03\/Image-3-9-25-at-9.22\u202fAM-1280x819.jpg 1280w, https:\/\/theliteraryarts.com\/wp-content\/uploads\/2025\/03\/Image-3-9-25-at-9.22\u202fAM-980x627.jpg 980w, https:\/\/theliteraryarts.com\/wp-content\/uploads\/2025\/03\/Image-3-9-25-at-9.22\u202fAM-480x307.jpg 480w, https:\/\/theliteraryarts.com\/wp-content\/uploads\/2025\/03\/Image-3-9-25-at-9.22\u202fAM.jpg 1776w\" sizes=\"(max-width: 1024px) 100vw, 1024px\" \/><\/a><\/p>\n<p>&nbsp;<\/p>\n<p>&nbsp;<\/p>\n<p>4.16.25<\/p>\n<p>&nbsp;<\/p>","protected":false},"excerpt":{"rendered":"<p>&nbsp; Dear Friends, At our recent Section meeting on March 29, 2025, San Francisco High School humanities teacher Joan Caldarera shared essays and poems from her students that arose from their work with Ralph Waldo Emerson. Joan&#8217;s meeting presentation had the title &#8220;Where are the Youth?&#8221; Here is a recording.\u00a0 San Francisco High School Students [&hellip;]<\/p>\n","protected":false},"author":1,"featured_media":3072,"comment_status":"closed","ping_status":"closed","sticky":false,"template":"","format":"standard","meta":{"_et_pb_use_builder":"","_et_pb_old_content":"","_et_gb_content_width":"","footnotes":""},"categories":[12],"tags":[],"class_list":["post-7789","post","type-post","status-publish","format-standard","has-post-thumbnail","hentry","category-meeting-summaries"],"_links":{"self":[{"href":"https:\/\/theliteraryarts.com\/es\/wp-json\/wp\/v2\/posts\/7789","targetHints":{"allow":["GET"]}}],"collection":[{"href":"https:\/\/theliteraryarts.com\/es\/wp-json\/wp\/v2\/posts"}],"about":[{"href":"https:\/\/theliteraryarts.com\/es\/wp-json\/wp\/v2\/types\/post"}],"author":[{"embeddable":true,"href":"https:\/\/theliteraryarts.com\/es\/wp-json\/wp\/v2\/users\/1"}],"replies":[{"embeddable":true,"href":"https:\/\/theliteraryarts.com\/es\/wp-json\/wp\/v2\/comments?post=7789"}],"version-history":[{"count":5,"href":"https:\/\/theliteraryarts.com\/es\/wp-json\/wp\/v2\/posts\/7789\/revisions"}],"predecessor-version":[{"id":7795,"href":"https:\/\/theliteraryarts.com\/es\/wp-json\/wp\/v2\/posts\/7789\/revisions\/7795"}],"wp:featuredmedia":[{"embeddable":true,"href":"https:\/\/theliteraryarts.com\/es\/wp-json\/wp\/v2\/media\/3072"}],"wp:attachment":[{"href":"https:\/\/theliteraryarts.com\/es\/wp-json\/wp\/v2\/media?parent=7789"}],"wp:term":[{"taxonomy":"category","embeddable":true,"href":"https:\/\/theliteraryarts.com\/es\/wp-json\/wp\/v2\/categories?post=7789"},{"taxonomy":"post_tag","embeddable":true,"href":"https:\/\/theliteraryarts.com\/es\/wp-json\/wp\/v2\/tags?post=7789"}],"curies":[{"name":"wp","href":"https:\/\/api.w.org\/{rel}","templated":true}]}}