{"id":3198,"date":"2021-12-03T20:06:47","date_gmt":"2021-12-04T04:06:47","guid":{"rendered":"https:\/\/theliteraryarts.com\/?p=3198"},"modified":"2023-07-16T17:35:01","modified_gmt":"2023-07-17T00:35:01","slug":"advent-in-the-secret-garden-a-report-from-the-fairy-tale-group-by-marion-donehower","status":"publish","type":"post","link":"https:\/\/theliteraryarts.com\/fr\/advent-in-the-secret-garden-a-report-from-the-fairy-tale-group-by-marion-donehower\/","title":{"rendered":"L'Avent dans le jardin secret :  Un rapport du groupe sur les contes de f\u00e9es par Marion Donehower"},"content":{"rendered":"<p style=\"text-align: center;\">\n<p>Bonjour ! Il est temps de faire un nouveau rapport sur le groupe de contes de f\u00e9es qui se r\u00e9unit dans mon jardin deux fois par mois.<\/p>\n<p>Nous avons cr\u00e9\u00e9 notre groupe l'\u00e9t\u00e9 dernier \u00e0 <strong><a href=\"https:\/\/theliteraryarts.com\/fr\/report-from-the-secret-garden\/\">Juillet.<\/a><\/strong><\/p>\n<p>Le temps passe vite ! Nous sommes maintenant arriv\u00e9s \u00e0 l'Avent et \u00e0 l'hiver. C'est le moment de faire du th\u00e9, de s'asseoir au coin du feu, de lire des contes de f\u00e9es, de r\u00eaver, de dormir, de m\u00e9diter, de regarder Britbox et MHZ et d'\u00e9couter les murmures de l'inspiration...<\/p>\n<blockquote><p><em>\"Tous les contes de f\u00e9es sont des r\u00eaves d'une patrie lointaine, partout et nulle part.\"<\/em><br \/>\n<strong><em>- Novalis<\/em><\/strong><\/p><\/blockquote>\n<p><strong>Portes de grange et vantaux magiques<\/strong><\/p>\n<p>Pendant l'\u00e9t\u00e9 et l'automne, nous nous sommes assis autour d'une table circulaire sur mon porche. La table est faite de bois r\u00e9cup\u00e9r\u00e9 dans une vieille grange abandonn\u00e9e de Santa Cruz. Le porche donne sur le jardin de l'arri\u00e8re-cour. Notre travail est proche de la nature ! En \u00e9t\u00e9, nous ressentons la chaleur ; en automne, brr ! il fait froid. Les \u00e9l\u00e9mentaires dansent et aiment \u00e9couter les contes de f\u00e9es.<\/p>\n<p>Rudolf Steiner, Marie Louise von Franz, Verena Kast, <strong><a href=\"https:\/\/theliteraryarts.com\/fr\/marchen-und-rosenkreuzer-by-almut-bockemuhl\/\">Almut Bockem\u00fchl,<\/a><\/strong> Robert Bly...<br \/>\nCe ne sont l\u00e0 que quelques-uns des auteurs de litt\u00e9rature secondaire qui ont rendu visite \u00e0 notre petit groupe.<\/p>\n<p>Nous parcourons les bois et les steppes, les landes et les savanes - partout o\u00f9 une f\u00e9e nous m\u00e8ne.<\/p>\n<p>Mais surtout, nous r\u00e9chauffons nos amiti\u00e9s.<\/p>\n<div id=\"attachment_3201\" style=\"width: 650px\" class=\"wp-caption alignnone\"><img loading=\"lazy\" decoding=\"async\" aria-describedby=\"caption-attachment-3201\" class=\"wp-image-3201 size-full\" src=\"https:\/\/theliteraryarts.com\/wp-content\/uploads\/2021\/12\/image2-e1638590431194.jpeg\" alt=\"\" width=\"640\" height=\"480\" \/><p id=\"caption-attachment-3201\" class=\"wp-caption-text\"><em>\"Le monde flottant\" par Marion Donehower<\/em><\/p><\/div>\n<p><strong>Amiti\u00e9 et f\u00e9e<\/strong><\/p>\n<p>Il y a quelque chose de magique \u00e0 partager des contes de f\u00e9es et \u00e0 les lire \u00e0 haute voix ensemble. Comme Bruce aime le dire dans notre <strong><a href=\"https:\/\/theliteraryarts.com\/fr\/rudolf-steiners-first-address\/\">R\u00e9unions de section<\/a>:<\/strong> \"<strong>Le conte de f\u00e9es est plus puissant que la philosophie !<\/strong>\"<\/p>\n<p>Comment cela se fait-il ?<\/p>\n<p>Eh bien, peut-\u00eatre que c'est comme <a href=\"https:\/\/theliteraryarts.com\/fr\/under-the-sign-of-friendship\/\">amiti\u00e9<\/a>! Dans nos discussions, nous ne sur-analysons pas les contes de f\u00e9es pour atteindre le \"vrai sens\". Le sens est juste l\u00e0 ! Il est aussi pr\u00e9sent que la citrouille orange qui tr\u00f4ne au milieu de la table de la grange, que les oiseaux qui volent vers la mangeoire ou que les abeilles qui bourdonnent sur les fleurs.<\/p>\n<blockquote><p><em>\"Le conte de f\u00e9es est la pierre de touche de la po\u00e9sie... tout ce qui est po\u00e9tique doit ressembler \u00e0 un conte de f\u00e9es.\"<\/em><br \/>\n<strong><em>- Novalis<\/em><\/strong><\/p><\/blockquote>\n<p>Nous explorons la richesse imaginative et symbolique du conte de f\u00e9es dans une ambiance de conversation amicale - agr\u00e9ment\u00e9e de collations et de boissons et parfois m\u00eame d'un ou deux g\u00e2teaux pour c\u00e9l\u00e9brer un anniversaire. Nous ne cherchons pas \"la bonne ou la mauvaise signification\", et cette approche non lin\u00e9aire de la conversation a rendu notre groupe plus fort, je pense.<\/p>\n<blockquote><p><em>\"La question vient du fond de la psych\u00e9 : qui \u00eates-vous ? J'ai un jour abord\u00e9 cette question dans un po\u00e8me.<\/em><br \/>\n<em>Apr\u00e8s avoir march\u00e9 tout l'apr\u00e8s-midi,<\/em><br \/>\n<em>Dans ma cabane au bord du lac, pieds nus,<\/em><br \/>\n<em>Je suis devenu long et transparent.<\/em><br \/>\n<em>Au cr\u00e9puscule, je ressemble \u00e0 une limace de mer.<\/em><br \/>\n<em>Qui a v\u00e9cu seul sans rien faire<\/em><br \/>\n<em>Depuis dix-huit mille ans !\",<\/em><br \/>\n<strong><em>- Robert Bly<\/em><\/strong><\/p><\/blockquote>\n<p><strong>Robert Bly (12.23.1926 - 11.21.2021)<\/strong><\/p>\n<p>Lors de notre derni\u00e8re r\u00e9union, nous avons rendu hommage \u00e0 Robert Bly. Beaucoup d'entre nous l'aiment beaucoup, et certains ont m\u00eame pass\u00e9 du temps avec lui lorsqu'il enseignait ou lisait ses po\u00e8mes. Lors de notre derni\u00e8re r\u00e9union, j'ai pr\u00e9sent\u00e9 l'introduction au livre de Robert Bly\u00a0<strong>Plus que vrai, la sagesse des contes de f\u00e9es<\/strong> dans lequel Bly pr\u00e9sente six contes de f\u00e9es dans un langage qui lui est propre. Il agr\u00e9mente ces contes de commentaires perspicaces et surprenants. C'\u00e9tait un vieux hibou sage !<\/p>\n<p>Qu'il s'\u00e9panouisse dans la lumi\u00e8re !<\/p>\n<p><strong>Notre groupe est actuellement ferm\u00e9 aux nouveaux participants<\/strong><br \/>\nLes derniers mois ont donn\u00e9 au groupe une amiti\u00e9 et une identit\u00e9 particuli\u00e8res. La taille du groupe est parfaite pour un groupe intime. Pour cette raison, j'ai d\u00e9cid\u00e9 que nous fermerons le groupe aux nouveaux participants pour le moment. Une fois que l'ann\u00e9e 2022 sera un peu plus avanc\u00e9e, je r\u00e9examinerai la question des nouveaux membres. Comme nous le savons, et comme l'enseigne le conte de f\u00e9es... tout change !<\/p>\n<blockquote><p><em>\"Les t\u00e9n\u00e8bres tombent dans l'obscurit\u00e9<\/em><br \/>\n<em>Chute de la corniche<\/em><br \/>\n<em>Au rebord.<\/em><br \/>\n<em>Il y a un homme dont le corps est parfaitement entier.<\/em><br \/>\n<em>Il se tient debout, la temp\u00eate derri\u00e8re lui,<\/em><br \/>\n<em>Et les brins d'herbe sautent dans le vent.<\/em><br \/>\n<em>Les t\u00e9n\u00e8bres sont rassembl\u00e9es en plis<\/em><br \/>\n<em>A propos de ses pieds.<\/em><br \/>\n<em>Il n'est personne. Quand nous voyons<\/em><br \/>\n<em>Lui, on se calme,<\/em><br \/>\n<em>Et naviguer dans le tunnel de la mort joyeuse.\"<\/em><br \/>\n<strong><em>- Robert Bly, \"L'ermite\", extrait de La lumi\u00e8re autour du corps.<\/em><\/strong><\/p><\/blockquote>","protected":false},"excerpt":{"rendered":"<p>Hello! It\u2019s time to report again on the Fairy Tale group that meets in my garden twice a month. We started our group this past summer in July. Time flies! Now we have arrived at Advent and winter. . . and it is the season to brew tea, sit by the fire, read fairy tales, [&hellip;]<\/p>\n","protected":false},"author":2,"featured_media":2173,"comment_status":"closed","ping_status":"closed","sticky":false,"template":"","format":"standard","meta":{"_et_pb_use_builder":"","_et_pb_old_content":"","_et_gb_content_width":"","footnotes":""},"categories":[48,12],"tags":[],"class_list":["post-3198","post","type-post","status-publish","format-standard","has-post-thumbnail","hentry","category-fairytales","category-meeting-summaries"],"_links":{"self":[{"href":"https:\/\/theliteraryarts.com\/fr\/wp-json\/wp\/v2\/posts\/3198","targetHints":{"allow":["GET"]}}],"collection":[{"href":"https:\/\/theliteraryarts.com\/fr\/wp-json\/wp\/v2\/posts"}],"about":[{"href":"https:\/\/theliteraryarts.com\/fr\/wp-json\/wp\/v2\/types\/post"}],"author":[{"embeddable":true,"href":"https:\/\/theliteraryarts.com\/fr\/wp-json\/wp\/v2\/users\/2"}],"replies":[{"embeddable":true,"href":"https:\/\/theliteraryarts.com\/fr\/wp-json\/wp\/v2\/comments?post=3198"}],"version-history":[{"count":5,"href":"https:\/\/theliteraryarts.com\/fr\/wp-json\/wp\/v2\/posts\/3198\/revisions"}],"predecessor-version":[{"id":3814,"href":"https:\/\/theliteraryarts.com\/fr\/wp-json\/wp\/v2\/posts\/3198\/revisions\/3814"}],"wp:featuredmedia":[{"embeddable":true,"href":"https:\/\/theliteraryarts.com\/fr\/wp-json\/wp\/v2\/media\/2173"}],"wp:attachment":[{"href":"https:\/\/theliteraryarts.com\/fr\/wp-json\/wp\/v2\/media?parent=3198"}],"wp:term":[{"taxonomy":"category","embeddable":true,"href":"https:\/\/theliteraryarts.com\/fr\/wp-json\/wp\/v2\/categories?post=3198"},{"taxonomy":"post_tag","embeddable":true,"href":"https:\/\/theliteraryarts.com\/fr\/wp-json\/wp\/v2\/tags?post=3198"}],"curies":[{"name":"wp","href":"https:\/\/api.w.org\/{rel}","templated":true}]}}