{"id":5390,"date":"2023-07-29T14:12:22","date_gmt":"2023-07-29T21:12:22","guid":{"rendered":"https:\/\/theliteraryarts.com\/?p=5390"},"modified":"2024-08-06T21:25:44","modified_gmt":"2024-08-07T04:25:44","slug":"section-meeting-schedule-autumn-2023","status":"publish","type":"post","link":"https:\/\/theliteraryarts.com\/fr\/section-meeting-schedule-autumn-2023\/","title":{"rendered":"Calendrier des r\u00e9unions de section \/ hiver-printemps-\u00e9t\u00e9 2024"},"content":{"rendered":"<h6 style=\"text-align: right;\"><strong>\u0152uvre d'art : \"Le soleil \u00e0 minuit\" par Marion Donehower<\/strong><\/h6>\n<p>&nbsp;<\/p>\n<p style=\"text-align: center;\"><strong>\u00a0Calendrier des r\u00e9unions de l'hiver\/printemps 2024 <\/strong><\/p>\n<p style=\"text-align: center;\"><strong>pour la section des arts litt\u00e9raires et des sciences humaines <\/strong><\/p>\n<p style=\"text-align: center;\"><strong>de l'\u00e9cole de la science spirituelle en Am\u00e9rique du Nord<\/strong><\/p>\n<p>&nbsp;<\/p>\n<p style=\"text-align: center;\"><strong>Ce programme est susceptible d'\u00eatre modifi\u00e9 ; nous vous invitons donc \u00e0 consulter r\u00e9guli\u00e8rement le site web. <\/strong><\/p>\n<p style=\"text-align: center;\"><strong>Les r\u00e9unions ont lieu sur Zoom, sauf indication contraire. <\/strong><\/p>\n<p style=\"text-align: center;\"><strong>Les identifiants Zoom sont envoy\u00e9s aux personnes int\u00e9ress\u00e9es le vendredi pr\u00e9c\u00e9dant la r\u00e9union.<\/strong><\/p>\n<p>&nbsp;<\/p>\n<h3 style=\"text-align: center;\"><strong>2024<\/strong><\/h3>\n<p><strong>Janvier : Intercession !<\/strong><\/p>\n<p>M\u00e9ditez, faites de longues promenades, m\u00e9ditez, respirez, lisez ces romans que vous avez gard\u00e9s trop longtemps sur l'\u00e9tag\u00e8re, \u00e9crivez un roman (ou au moins un essai ?), apprenez quelques \u00e9tudes, essayez une nouvelle recette, \u00e9crivez quelques po\u00e8mes, respirez, caressez le chien, pratiquez le maitri, faites les courses, respirez, m\u00e9ditez. Et Edward Gibbon ?<\/p>\n<p>&nbsp;<\/p>\n<p><strong>Le 3 f\u00e9vrier :\u00a0<\/strong><strong>Premi\u00e8re r\u00e9union de 2024. Le jour de la marmotte !<\/strong> Nous discuterons des th\u00e8mes et des sujets pour l'ann\u00e9e \u00e0 venir, et nous passerons en revue les activit\u00e9s de chacun. Je dirai peut-\u00eatre quelque chose sur le sens des Belles Sciences.<\/p>\n<p><strong>10 f\u00e9vrier : C\u00e9l\u00e9brez le nouvel an lunaire \/ l'ann\u00e9e du dragon ! Nuit de la po\u00e9sie !<\/strong><\/p>\n<p><strong>17 f\u00e9vrier : Pas de r\u00e9union<\/strong><\/p>\n<p><strong>24 f\u00e9vrier : \"Le modernisme fant\u00f4me\".<\/strong><\/p>\n<p>&nbsp;<\/p>\n<p><strong>2 mars : Pas de r\u00e9union<\/strong><\/p>\n<p><strong>9 mars : \"Courants karmiques \/ R\u00eaves karmiques : Discussion et promenade\"<\/strong><\/p>\n<p><strong>16 mars : Nuit de la po\u00e9sie !<\/strong><\/p>\n<p><strong>23 mars : Pas de r\u00e9union<\/strong><\/p>\n<p><strong>30 mars : Pas de r\u00e9union. Joyeuses P\u00e2ques !<\/strong><\/p>\n<p>&nbsp;<\/p>\n<p><strong>6 avril : la po\u00e9tesse Una Korbin pr\u00e9sente son recueil de po\u00e8mes<\/strong><\/p>\n<p><strong><a href=\"https:\/\/vimeo.com\/937409867?share=copy\" target=\"_blank\" rel=\"noopener\">9 avril (mardi \/ 1:30 Pacific) : Cours Chrysalis \"Pourquoi devrais-je m'int\u00e9resser \u00e0 Novalis ?\" Session 1<\/a><\/strong><\/p>\n<p><strong>13 avril : Le po\u00e8te Nicholas Morrow pr\u00e9sente son recueil de po\u00e8mes<\/strong><\/p>\n<p><strong><a href=\"https:\/\/vimeo.com\/937397933?share=copy\">16 avril (mardi \/ 1:30 Pacific) : Cours Chrysalis \"Pourquoi devrais-je m'int\u00e9resser \u00e0 Novalis ?\" Session 2<\/a><\/strong><\/p>\n<p><a href=\"https:\/\/secure.anthroposophy.org\/np\/clients\/anthroposophy\/event.jsp?forwardedFromSecureDomain=1&amp;event=952\"><strong>23 avril (mardi \/ 1:30 Pacific) : Cours Chrysalis \"Pourquoi devrais-je m'int\u00e9resser \u00e0 Novalis ?\" Session 3<\/strong><\/a><\/p>\n<p><a href=\"https:\/\/secure.anthroposophy.org\/np\/clients\/anthroposophy\/event.jsp?forwardedFromSecureDomain=1&amp;event=952\"><strong>30 avril (mardi \/ 1:30 Pacific) : Cours Chrysalis \"Pourquoi devrais-je m'int\u00e9resser \u00e0 Novalis ?\" Session 4<\/strong><\/a><\/p>\n<p>&nbsp;<\/p>\n<p><strong>25 mai : \"Que se passe-t-il dans la section ?\" et \"Rapport du groupe des contes de f\u00e9es\".<\/strong><\/p>\n<p>&nbsp;<\/p>\n<p><strong>1er juin : Salles de travail en petits groupes et conversation<\/strong><\/p>\n<p><strong>8 juin : Jeffrey Hipolito \/ \"La philosophie po\u00e9tique d'Owen Barfield\"<\/strong><\/p>\n<p><strong>15 juin : Pas de r\u00e9union (travaillez sur votre roman !)\u00a0<\/strong><\/p>\n<p><strong>22 juin : Nuit de la po\u00e9sie et c\u00e9l\u00e9bration du solstice<\/strong><\/p>\n<p><strong>19 juin : Th\u00e8me sp\u00e9cial<\/strong><\/p>\n<p>&nbsp;<\/p>\n<p>3 ao\u00fbt : Mark McAlister : \"Vivre la Parole\"<\/p>\n<p>Planification de la conf\u00e9rence de la section nord-am\u00e9ricaine \/ San Francisco et Toronto \/ 7 - 15 septembre.<\/p>\n<p>&nbsp;<\/p>\n<p>&nbsp;<\/p>\n<p>8.23.23<\/p>","protected":false},"excerpt":{"rendered":"<p>Artwork: &#8220;The Sun at Midnight&#8221; by Marion Donehower &nbsp; \u00a0Winter\/Spring 2024 Meeting Schedule for the Section for the Literary Arts &amp; Humanities of the School for Spiritual Science in North America &nbsp; This schedule might change; so, please keep an eye on the website. Meetings occur on Zoom unless otherwise stated. The Zoom credentials are [&hellip;]<\/p>\n","protected":false},"author":1,"featured_media":5842,"comment_status":"closed","ping_status":"closed","sticky":false,"template":"","format":"standard","meta":{"_et_pb_use_builder":"","_et_pb_old_content":"","_et_gb_content_width":"","footnotes":""},"categories":[12,52],"tags":[],"class_list":["post-5390","post","type-post","status-publish","format-standard","has-post-thumbnail","hentry","category-meeting-summaries","category-section-news"],"_links":{"self":[{"href":"https:\/\/theliteraryarts.com\/fr\/wp-json\/wp\/v2\/posts\/5390","targetHints":{"allow":["GET"]}}],"collection":[{"href":"https:\/\/theliteraryarts.com\/fr\/wp-json\/wp\/v2\/posts"}],"about":[{"href":"https:\/\/theliteraryarts.com\/fr\/wp-json\/wp\/v2\/types\/post"}],"author":[{"embeddable":true,"href":"https:\/\/theliteraryarts.com\/fr\/wp-json\/wp\/v2\/users\/1"}],"replies":[{"embeddable":true,"href":"https:\/\/theliteraryarts.com\/fr\/wp-json\/wp\/v2\/comments?post=5390"}],"version-history":[{"count":5,"href":"https:\/\/theliteraryarts.com\/fr\/wp-json\/wp\/v2\/posts\/5390\/revisions"}],"predecessor-version":[{"id":6986,"href":"https:\/\/theliteraryarts.com\/fr\/wp-json\/wp\/v2\/posts\/5390\/revisions\/6986"}],"wp:featuredmedia":[{"embeddable":true,"href":"https:\/\/theliteraryarts.com\/fr\/wp-json\/wp\/v2\/media\/5842"}],"wp:attachment":[{"href":"https:\/\/theliteraryarts.com\/fr\/wp-json\/wp\/v2\/media?parent=5390"}],"wp:term":[{"taxonomy":"category","embeddable":true,"href":"https:\/\/theliteraryarts.com\/fr\/wp-json\/wp\/v2\/categories?post=5390"},{"taxonomy":"post_tag","embeddable":true,"href":"https:\/\/theliteraryarts.com\/fr\/wp-json\/wp\/v2\/tags?post=5390"}],"curies":[{"name":"wp","href":"https:\/\/api.w.org\/{rel}","templated":true}]}}