{"id":7105,"date":"2025-02-23T15:53:37","date_gmt":"2025-02-23T23:53:37","guid":{"rendered":"https:\/\/theliteraryarts.com\/?p=7105"},"modified":"2025-04-05T21:49:02","modified_gmt":"2025-04-06T04:49:02","slug":"rudolf-steiners-reading-of-novalis","status":"publish","type":"post","link":"https:\/\/theliteraryarts.com\/fr\/rudolf-steiners-reading-of-novalis\/","title":{"rendered":"La lecture de \"Novalis\" par Rudolf Steiner"},"content":{"rendered":"<p style=\"text-align: right;\"><strong>Jean Baptiste<\/strong><\/p>\n<p>&nbsp;<\/p>\n<p><strong>Chers amis,<\/strong><\/p>\n<p><strong>Il s'agit de la premi\u00e8re et de la deuxi\u00e8me conf\u00e9rence d'une s\u00e9rie de conf\u00e9rences que j'ai donn\u00e9es pour les amis et les membres de la Soci\u00e9t\u00e9 anthroposophique d'Am\u00e9rique en avril 2024. J'ai r\u00e9vis\u00e9 ces conf\u00e9rences pour les distribuer \u00e0 un public plus large, en particulier aux plus de mille abonn\u00e9s qui suivent les travaux de notre Section sur la cha\u00eene YouTube de la Section.\u00a0<\/strong><\/p>\n<p><strong>Dans ces conf\u00e9rences, je discute de la signification et de l'importance de \"Novalis\" pour l'anthroposophie de Rudolf Steiner et pour le mouvement anthroposophique tel qu'il s'est d\u00e9velopp\u00e9 dans les premi\u00e8res d\u00e9cennies modernistes du vingti\u00e8me si\u00e8cle. <\/strong><\/p>\n<p><strong>Il ne s'agit pas d'une s\u00e9rie de conf\u00e9rences sur le Novalis litt\u00e9raire, le po\u00e8te Friedrich von Hardenberg (1772 - 1801). <\/strong><strong>Ce site web contient de nombreuses conf\u00e9rences sur la<a href=\"https:\/\/theliteraryarts.com\/fr\/category\/novalis\/\" target=\"_blank\" rel=\"noopener\"> Novalis litt\u00e9raire<\/a>. Cette s\u00e9rie s'int\u00e9resse plut\u00f4t \u00e0 la lecture que Rudolf Steiner fait de \"l'\u00e9ternelle individualit\u00e9 Novalis\" et \u00e0 la mani\u00e8re dont cette lecture est absolument fondamentale pour l'anthroposophie de Rudolf Steiner et pour sa lecture du myst\u00e8re du Christ.<\/strong><\/p>\n<p>&nbsp;<\/p>\n<p><strong>Premi\u00e8re conf\u00e9rence : \"le probl\u00e8me Novalis\"<\/strong><\/p>\n<p><iframe loading=\"lazy\" title=\"Premi\u00e8re partie \/ La lecture de &quot;Novalis&quot; par Rudolf Steiner\" src=\"https:\/\/player.vimeo.com\/video\/1009723703?dnt=1&amp;app_id=122963\" width=\"1080\" height=\"608\" frameborder=\"0\" allow=\"autoplay; fullscreen; picture-in-picture; clipboard-write; encrypted-media\"><\/iframe><\/p>\n<p>&nbsp;<\/p>\n<p>&nbsp;<\/p>\n<p>&nbsp;<\/p>\n<p><strong>Deuxi\u00e8me conf\u00e9rence : Le dernier discours de Rudolf Steiner<\/strong><\/p>\n<p><iframe loading=\"lazy\" title=\"Deuxi\u00e8me partie \/ La lecture de &quot;Novalis&quot; par Rudolf Steiner\" src=\"https:\/\/player.vimeo.com\/video\/1023862046?dnt=1&amp;app_id=122963\" width=\"1080\" height=\"608\" frameborder=\"0\" allow=\"autoplay; fullscreen; picture-in-picture; clipboard-write; encrypted-media\"><\/iframe><\/p>\n<p>&nbsp;<\/p>\n<p>&nbsp;<\/p>\n<p>9.20.24<\/p>","protected":false},"excerpt":{"rendered":"<p>John the Baptist &nbsp; Dear Friends, This is Lecture One and Lecture Two of a lecture series that I gave for friends and members of the Anthroposophical Society of America in April 2024. I revised these lectures for distribution to a wider public, especially for the more than one thousand subscribers who follow our Section [&hellip;]<\/p>\n","protected":false},"author":1,"featured_media":7245,"comment_status":"closed","ping_status":"closed","sticky":false,"template":"","format":"standard","meta":{"_et_pb_use_builder":"","_et_pb_old_content":"","_et_gb_content_width":"","footnotes":""},"categories":[49,57,54],"tags":[],"class_list":["post-7105","post","type-post","status-publish","format-standard","has-post-thumbnail","hentry","category-lectures","category-novalis","category-videos"],"_links":{"self":[{"href":"https:\/\/theliteraryarts.com\/fr\/wp-json\/wp\/v2\/posts\/7105","targetHints":{"allow":["GET"]}}],"collection":[{"href":"https:\/\/theliteraryarts.com\/fr\/wp-json\/wp\/v2\/posts"}],"about":[{"href":"https:\/\/theliteraryarts.com\/fr\/wp-json\/wp\/v2\/types\/post"}],"author":[{"embeddable":true,"href":"https:\/\/theliteraryarts.com\/fr\/wp-json\/wp\/v2\/users\/1"}],"replies":[{"embeddable":true,"href":"https:\/\/theliteraryarts.com\/fr\/wp-json\/wp\/v2\/comments?post=7105"}],"version-history":[{"count":5,"href":"https:\/\/theliteraryarts.com\/fr\/wp-json\/wp\/v2\/posts\/7105\/revisions"}],"predecessor-version":[{"id":7312,"href":"https:\/\/theliteraryarts.com\/fr\/wp-json\/wp\/v2\/posts\/7105\/revisions\/7312"}],"wp:featuredmedia":[{"embeddable":true,"href":"https:\/\/theliteraryarts.com\/fr\/wp-json\/wp\/v2\/media\/7245"}],"wp:attachment":[{"href":"https:\/\/theliteraryarts.com\/fr\/wp-json\/wp\/v2\/media?parent=7105"}],"wp:term":[{"taxonomy":"category","embeddable":true,"href":"https:\/\/theliteraryarts.com\/fr\/wp-json\/wp\/v2\/categories?post=7105"},{"taxonomy":"post_tag","embeddable":true,"href":"https:\/\/theliteraryarts.com\/fr\/wp-json\/wp\/v2\/tags?post=7105"}],"curies":[{"name":"wp","href":"https:\/\/api.w.org\/{rel}","templated":true}]}}