{"id":7789,"date":"2025-04-16T19:56:34","date_gmt":"2025-04-17T02:56:34","guid":{"rendered":"https:\/\/theliteraryarts.com\/?p=7789"},"modified":"2025-11-17T21:38:17","modified_gmt":"2025-11-18T05:38:17","slug":"where-are-the-youth-joan-caldarera","status":"publish","type":"post","link":"https:\/\/theliteraryarts.com\/fr\/where-are-the-youth-joan-caldarera\/","title":{"rendered":"\"O\u00f9 sont les jeunes ? \/ Joan Caldarera"},"content":{"rendered":"<p>&nbsp;<\/p>\n<p><strong>Chers amis,<\/strong><\/p>\n<p><strong>Lors de notre derni\u00e8re r\u00e9union de section, le 29 mars 2025, Joan Caldarera, professeur de sciences humaines au lyc\u00e9e de San Francisco, a pr\u00e9sent\u00e9 des essais et des po\u00e8mes de ses \u00e9l\u00e8ves issus de leur travail avec Ralph Waldo Emerson. La pr\u00e9sentation de Joan avait pour titre \"O\u00f9 sont les jeunes ?\".<\/strong><\/p>\n<p><strong>Voici un enregistrement.\u00a0<\/strong><\/p>\n<p><strong>Les lyc\u00e9ens de San Francisco nous rejoindront dans la matin\u00e9e du 11 mai \u00e0 l'universit\u00e9 de San Francisco. <a href=\"https:\/\/theliteraryarts.com\/fr\/2025-section-conference-san-francisco\/\" target=\"_blank\" rel=\"noopener\">2025 Conf\u00e9rence de la section nord-am\u00e9ricaine<\/a>. Ils partageront leurs points de vue et animeront des discussions en petits groupes au cours de la matin\u00e9e. La conf\u00e9rence se poursuivra l'apr\u00e8s-midi avec une table ronde sur le th\u00e8me \"Qui est Rudolf Steiner pour notre 21e si\u00e8cle ? \"Qui est Rudolf Steiner pour notre 21e si\u00e8cle ?\u00a0<\/strong><\/p>\n<p><strong>Il s'agit d'une conf\u00e9rence ouverte. Les personnes peuvent choisir d'assister \u00e0 n'importe quelle partie de la conf\u00e9rence ou de la journ\u00e9e qui leur convient. Les dons seront accept\u00e9s \u00e0 l'entr\u00e9e.\u00a0<\/strong><\/p>\n<p><iframe loading=\"lazy\" title=\"&quot;O\u00f9 sont les jeunes ? \/ Joan Caldarera\" src=\"https:\/\/player.vimeo.com\/video\/1076192777?dnt=1&amp;app_id=122963\" width=\"1080\" height=\"608\" frameborder=\"0\" allow=\"autoplay; fullscreen; picture-in-picture; clipboard-write; encrypted-media\"><\/iframe><\/p>\n<p>&nbsp;<\/p>\n<p><a href=\"https:\/\/theliteraryarts.com\/fr\/2025-section-conference-san-francisco\/image-3-9-25-at-9-22-am\/\" rel=\"attachment wp-att-7700\"><img loading=\"lazy\" decoding=\"async\" class=\"aligncenter size-large wp-image-7700\" src=\"https:\/\/theliteraryarts.com\/wp-content\/uploads\/2025\/03\/Image-3-9-25-at-9.22\u202fAM-1024x655.jpg\" alt=\"\" width=\"1024\" height=\"655\" srcset=\"https:\/\/theliteraryarts.com\/wp-content\/uploads\/2025\/03\/Image-3-9-25-at-9.22\u202fAM-1024x655.jpg 1024w, https:\/\/theliteraryarts.com\/wp-content\/uploads\/2025\/03\/Image-3-9-25-at-9.22\u202fAM-300x192.jpg 300w, https:\/\/theliteraryarts.com\/wp-content\/uploads\/2025\/03\/Image-3-9-25-at-9.22\u202fAM-768x491.jpg 768w, https:\/\/theliteraryarts.com\/wp-content\/uploads\/2025\/03\/Image-3-9-25-at-9.22\u202fAM-1536x982.jpg 1536w, https:\/\/theliteraryarts.com\/wp-content\/uploads\/2025\/03\/Image-3-9-25-at-9.22\u202fAM-18x12.jpg 18w, https:\/\/theliteraryarts.com\/wp-content\/uploads\/2025\/03\/Image-3-9-25-at-9.22\u202fAM-1080x691.jpg 1080w, https:\/\/theliteraryarts.com\/wp-content\/uploads\/2025\/03\/Image-3-9-25-at-9.22\u202fAM-1280x819.jpg 1280w, https:\/\/theliteraryarts.com\/wp-content\/uploads\/2025\/03\/Image-3-9-25-at-9.22\u202fAM-980x627.jpg 980w, https:\/\/theliteraryarts.com\/wp-content\/uploads\/2025\/03\/Image-3-9-25-at-9.22\u202fAM-480x307.jpg 480w, https:\/\/theliteraryarts.com\/wp-content\/uploads\/2025\/03\/Image-3-9-25-at-9.22\u202fAM.jpg 1776w\" sizes=\"(max-width: 1024px) 100vw, 1024px\" \/><\/a><\/p>\n<p>&nbsp;<\/p>\n<p>&nbsp;<\/p>\n<p>4.16.25<\/p>\n<p>&nbsp;<\/p>","protected":false},"excerpt":{"rendered":"<p>&nbsp; Dear Friends, At our recent Section meeting on March 29, 2025, San Francisco High School humanities teacher Joan Caldarera shared essays and poems from her students that arose from their work with Ralph Waldo Emerson. Joan&#8217;s meeting presentation had the title &#8220;Where are the Youth?&#8221; Here is a recording.\u00a0 San Francisco High School Students [&hellip;]<\/p>\n","protected":false},"author":1,"featured_media":3072,"comment_status":"closed","ping_status":"closed","sticky":false,"template":"","format":"standard","meta":{"_et_pb_use_builder":"","_et_pb_old_content":"","_et_gb_content_width":"","footnotes":""},"categories":[12],"tags":[],"class_list":["post-7789","post","type-post","status-publish","format-standard","has-post-thumbnail","hentry","category-meeting-summaries"],"_links":{"self":[{"href":"https:\/\/theliteraryarts.com\/fr\/wp-json\/wp\/v2\/posts\/7789","targetHints":{"allow":["GET"]}}],"collection":[{"href":"https:\/\/theliteraryarts.com\/fr\/wp-json\/wp\/v2\/posts"}],"about":[{"href":"https:\/\/theliteraryarts.com\/fr\/wp-json\/wp\/v2\/types\/post"}],"author":[{"embeddable":true,"href":"https:\/\/theliteraryarts.com\/fr\/wp-json\/wp\/v2\/users\/1"}],"replies":[{"embeddable":true,"href":"https:\/\/theliteraryarts.com\/fr\/wp-json\/wp\/v2\/comments?post=7789"}],"version-history":[{"count":5,"href":"https:\/\/theliteraryarts.com\/fr\/wp-json\/wp\/v2\/posts\/7789\/revisions"}],"predecessor-version":[{"id":7795,"href":"https:\/\/theliteraryarts.com\/fr\/wp-json\/wp\/v2\/posts\/7789\/revisions\/7795"}],"wp:featuredmedia":[{"embeddable":true,"href":"https:\/\/theliteraryarts.com\/fr\/wp-json\/wp\/v2\/media\/3072"}],"wp:attachment":[{"href":"https:\/\/theliteraryarts.com\/fr\/wp-json\/wp\/v2\/media?parent=7789"}],"wp:term":[{"taxonomy":"category","embeddable":true,"href":"https:\/\/theliteraryarts.com\/fr\/wp-json\/wp\/v2\/categories?post=7789"},{"taxonomy":"post_tag","embeddable":true,"href":"https:\/\/theliteraryarts.com\/fr\/wp-json\/wp\/v2\/tags?post=7789"}],"curies":[{"name":"wp","href":"https:\/\/api.w.org\/{rel}","templated":true}]}}